{"id":3485,"date":"2017-12-06T16:21:46","date_gmt":"2017-12-06T18:21:46","guid":{"rendered":"https:\/\/hostnetart.com.br\/baixada\/direcao-nacional-da-contraf-cut-define-datas-e-local-de-seu-5-congresso-nacional\/"},"modified":"2017-12-06T16:21:46","modified_gmt":"2017-12-06T18:21:46","slug":"direcao-nacional-da-contraf-cut-define-datas-e-local-de-seu-5-congresso-nacional","status":"publish","type":"post","link":"https:\/\/hostnetart.com.br\/baixada\/direcao-nacional-da-contraf-cut-define-datas-e-local-de-seu-5-congresso-nacional\/","title":{"rendered":"Dire\u00e7\u00e3o Nacional da Contraf-CUT define datas e local de seu 5\u00ba Congresso Nacional"},"content":{"rendered":"<p><em><span style=\"text-decoration: underline;\">\u200bCongresso ser\u00e1 realizado em S\u00e3o Paulo, nos dias 6 a 8 de abril de 2018<\/span><\/em><\/p>\n<p>A Dire\u00e7\u00e3o Nacional da Confedera\u00e7\u00e3o Nacional dos Trabalhadores do Ramo Financeiro (Contraf-CUT) se reuniu nesta quarta-feira (6), em sua sede, em S\u00e3o Paulo, para definir a data, local e comiss\u00e3o eleitoral do seu 5\u00ba Congresso Nacional.<\/p>\n<p>Houve apenas uma proposta de data e cidade para a realiza\u00e7\u00e3o do congresso, que foi aprovada pela maioria dos delegados presentes. Desta forma, o 5\u00ba Congresso da Contraf-CUT ser\u00e1 realizado em S\u00e3o Paulo, nos dias 6 a 8 de abril de 2018.<\/p>\n<p>A Diretoria Executiva Nacional, conforme definido no estatuto da entidade, definir\u00e1 detalhes como o local onde ocorrer\u00e3o as atividades.<\/p>\n<p><em><strong>Comiss\u00e3o eleitoral<\/strong><\/em><br \/>Os delegados tamb\u00e9m aprovaram os nomes indicados para compor a comiss\u00e3o eleitoral, que foi formada pelo presidente da Contraf-CUT, Roberto von der Osten, pelas presidentas dos sindicatos dos banc\u00e1rios de S\u00e3o Paulo, Osasco e Regi\u00e3o, Ivone Silva, de Belo Horizonte e Regi\u00e3o, Eliana Brasil, do Rio de Janeiro, Adriana Nalesso, e pelo diretor de Comunica\u00e7\u00e3o do Sindicato dos Banc\u00e1rios de Porto Alegre, Mauro Salles, que tamb\u00e9m \u00e9 secret\u00e1rio de Pol\u00edticas Sociais da Contraf-CUT.<\/p>\n<p>\u201cA reuni\u00e3o foi tranquila. Os delegados presentes mostraram a necess\u00e1ria uni\u00e3o que a categoria deve ter neste dif\u00edcil momento de ataques que vem sofrendo deste governo que serve apenas os interesses da classe empresarial, sem nenhum compromisso com a classe trabalhadora\u201d, disse o presidente da Contraf-CUT.<\/p>\n<p>A Diretoria Executiva da Contraf-CUT se re\u00fane nesta quinta-feira (7), tamb\u00e9m em S\u00e3o Paulo, para definir detalhes do 5\u00ba Congresso Nacional da entidade.<\/p>\n<p><strong>Fonte: Contraf-CUT<\/strong><\/p>\n","protected":false},"excerpt":{"rendered":"<p>\u200bCongresso ser\u00e1 realizado em S\u00e3o Paulo, nos dias 6 a 8 de abril de 2018 A Dire\u00e7\u00e3o Nacional da Confedera\u00e7\u00e3o Nacional dos Trabalhadores do Ramo Financeiro (Contraf-CUT) se reuniu nesta quarta-feira (6), em sua sede, em S\u00e3o Paulo, para definir a data, local e comiss\u00e3o eleitoral do seu 5\u00ba Congresso Nacional. Houve apenas uma proposta [&hellip;]<\/p>\n","protected":false},"author":2,"featured_media":3484,"comment_status":"","ping_status":"","sticky":false,"template":"","format":"standard","meta":{"footnotes":""},"categories":[3],"tags":[],"class_list":["post-3485","post","type-post","status-publish","format-standard","has-post-thumbnail","hentry","category-noticias"],"_links":{"self":[{"href":"https:\/\/hostnetart.com.br\/baixada\/wp-json\/wp\/v2\/posts\/3485","targetHints":{"allow":["GET"]}}],"collection":[{"href":"https:\/\/hostnetart.com.br\/baixada\/wp-json\/wp\/v2\/posts"}],"about":[{"href":"https:\/\/hostnetart.com.br\/baixada\/wp-json\/wp\/v2\/types\/post"}],"author":[{"embeddable":true,"href":"https:\/\/hostnetart.com.br\/baixada\/wp-json\/wp\/v2\/users\/2"}],"replies":[{"embeddable":true,"href":"https:\/\/hostnetart.com.br\/baixada\/wp-json\/wp\/v2\/comments?post=3485"}],"version-history":[{"count":0,"href":"https:\/\/hostnetart.com.br\/baixada\/wp-json\/wp\/v2\/posts\/3485\/revisions"}],"wp:featuredmedia":[{"embeddable":true,"href":"https:\/\/hostnetart.com.br\/baixada\/wp-json\/wp\/v2\/media\/3484"}],"wp:attachment":[{"href":"https:\/\/hostnetart.com.br\/baixada\/wp-json\/wp\/v2\/media?parent=3485"}],"wp:term":[{"taxonomy":"category","embeddable":true,"href":"https:\/\/hostnetart.com.br\/baixada\/wp-json\/wp\/v2\/categories?post=3485"},{"taxonomy":"post_tag","embeddable":true,"href":"https:\/\/hostnetart.com.br\/baixada\/wp-json\/wp\/v2\/tags?post=3485"}],"curies":[{"name":"wp","href":"https:\/\/api.w.org\/{rel}","templated":true}]}}