{"id":3481,"date":"2017-12-06T16:16:15","date_gmt":"2017-12-06T18:16:15","guid":{"rendered":"https:\/\/hostnetart.com.br\/baixada\/bb-vai-pagar-incorporacao-de-gratificacao\/"},"modified":"2017-12-06T16:16:15","modified_gmt":"2017-12-06T18:16:15","slug":"bb-vai-pagar-incorporacao-de-gratificacao","status":"publish","type":"post","link":"https:\/\/hostnetart.com.br\/baixada\/bb-vai-pagar-incorporacao-de-gratificacao\/","title":{"rendered":"BB vai pagar incorpora\u00e7\u00e3o de gratifica\u00e7\u00e3o"},"content":{"rendered":"<p><em><span style=\"text-decoration: underline;\">\u200bContraf-CUT vai analisar se a postura adotada pelo banco est\u00e1 de acordo o que foi decidido<\/span><\/em><\/p>\n<p>O Banco do Brasil informou no processo judicial, na segunda-feira (4) \u00e0 noite, que vai incorporar a gratifica\u00e7\u00e3o recebida pelos banc\u00e1rios abrangidos pela a\u00e7\u00e3o, que exerceram a fun\u00e7\u00e3o gratificada por 10 anos ou mais. O banco adotou a medida em cumprimento da decis\u00e3o da A\u00e7\u00e3o Civil P\u00fablica (ACP) ajuizada pela Confedera\u00e7\u00e3o Nacional dos Trabalhadores do Ramo Financeiro (Contraf-CUT) e federa\u00e7\u00f5es associadas. Em Primeira Inst\u00e2ncia havia sido concedida liminar determinando o pagamento, que foi mantida com algumas altera\u00e7\u00f5es pela Segunda Inst\u00e2ncia. Os pagamentos ser\u00e3o feitos levando em conta a m\u00e9dia dos valores recebidos nos \u00faltimos 10 anos.<\/p>\n<p>\u201c\u00c9 uma grande vit\u00f3ria dos funcion\u00e1rios atrav\u00e9s da Contraf-CUT e federa\u00e7\u00f5es associadas que mostra o acerto da medida que tomamos em defesa dos banc\u00e1rios do BB. Mas, ainda faremos uma an\u00e1lise minuciosa das informa\u00e7\u00f5es prestadas pelo BB na a\u00e7\u00e3o judicial para saber se a forma de cumprimento est\u00e1 de acordo com o que a Justi\u00e7a decidiu, pois entendemos que a defesa do interesse dos banc\u00e1rios deve ser atenta e cuidadosa\u201d, disse Carlos de Souza, secret\u00e1rio Geral da Contraf-CUT.<\/p>\n<p>Segundo as informa\u00e7\u00f5es prestadas pelo banco no processo, os valores incorporados ser\u00e3o pagos no dia 20 de dezembro de 2017 sob a rubrica 480 &#8211; Demanda Judicial Pagamento.<\/p>\n<p><strong><em>Exclus\u00f5es<\/em><\/strong><br \/>\u00c9 importante esclarecer que a incorpora\u00e7\u00e3o da gratifica\u00e7\u00e3o pela m\u00e9dia dos \u00faltimos 10 anos decorre da altera\u00e7\u00e3o pelo Tribunal Regional do Trabalho da 10\u00aa Regi\u00e3o da medida liminar concedida em Primeira Inst\u00e2ncia, em raz\u00e3o do mandado de seguran\u00e7a impetrado pelo banco.<\/p>\n<p>De acordo com o entendimento do BB, os banc\u00e1rios que recebem atualmente remunera\u00e7\u00e3o maior do que a que resultaria com a incorpora\u00e7\u00e3o da m\u00e9dia dos valores recebidos nos \u00faltimos 10 anos ser\u00e3o exclu\u00eddos do recebimento da incorpora\u00e7\u00e3o.<\/p>\n<p>O banco informou ainda que os banc\u00e1rios que j\u00e1 recebem a m\u00e9dia das gratifica\u00e7\u00f5es dos \u00faltimos 10 anos, em decorr\u00eancia de outras demandas judiciais (pagas sob as rubricas 480 e 88) tamb\u00e9m ser\u00e3o exclu\u00eddos da incorpora\u00e7\u00e3o.<\/p>\n<p>A Contraf-CUT, neste primeiro momento, discorda das exclus\u00f5es apresentadas pelo banco e vai analis\u00e1-las detalhadamente para garantir o pagamento da incorpora\u00e7\u00e3o a todos os banc\u00e1rios que tenham direito.<\/p>\n<p>Ser\u00e3o verificados, tamb\u00e9m, os valores referentes \u00e0 m\u00e9dia calculada pelo banco para aferi\u00e7\u00e3o da corre\u00e7\u00e3o ou n\u00e3o do c\u00e1lculo.<\/p>\n<p><em><strong>Do car\u00e1ter provis\u00f3rio da decis\u00e3o<\/strong><\/em><br \/>\u00c9 importante frisar que se trata de cumprimento de decis\u00e3o liminar e, portanto, provis\u00f3ria.<\/p>\n<p><strong>Fonte: Contraf-CUT<\/strong><\/p>\n","protected":false},"excerpt":{"rendered":"<p>\u200bContraf-CUT vai analisar se a postura adotada pelo banco est\u00e1 de acordo o que foi decidido O Banco do Brasil informou no processo judicial, na segunda-feira (4) \u00e0 noite, que vai incorporar a gratifica\u00e7\u00e3o recebida pelos banc\u00e1rios abrangidos pela a\u00e7\u00e3o, que exerceram a fun\u00e7\u00e3o gratificada por 10 anos ou mais. O banco adotou a medida [&hellip;]<\/p>\n","protected":false},"author":2,"featured_media":3480,"comment_status":"","ping_status":"","sticky":false,"template":"","format":"standard","meta":{"footnotes":""},"categories":[3],"tags":[],"class_list":["post-3481","post","type-post","status-publish","format-standard","has-post-thumbnail","hentry","category-noticias"],"_links":{"self":[{"href":"https:\/\/hostnetart.com.br\/baixada\/wp-json\/wp\/v2\/posts\/3481","targetHints":{"allow":["GET"]}}],"collection":[{"href":"https:\/\/hostnetart.com.br\/baixada\/wp-json\/wp\/v2\/posts"}],"about":[{"href":"https:\/\/hostnetart.com.br\/baixada\/wp-json\/wp\/v2\/types\/post"}],"author":[{"embeddable":true,"href":"https:\/\/hostnetart.com.br\/baixada\/wp-json\/wp\/v2\/users\/2"}],"replies":[{"embeddable":true,"href":"https:\/\/hostnetart.com.br\/baixada\/wp-json\/wp\/v2\/comments?post=3481"}],"version-history":[{"count":0,"href":"https:\/\/hostnetart.com.br\/baixada\/wp-json\/wp\/v2\/posts\/3481\/revisions"}],"wp:featuredmedia":[{"embeddable":true,"href":"https:\/\/hostnetart.com.br\/baixada\/wp-json\/wp\/v2\/media\/3480"}],"wp:attachment":[{"href":"https:\/\/hostnetart.com.br\/baixada\/wp-json\/wp\/v2\/media?parent=3481"}],"wp:term":[{"taxonomy":"category","embeddable":true,"href":"https:\/\/hostnetart.com.br\/baixada\/wp-json\/wp\/v2\/categories?post=3481"},{"taxonomy":"post_tag","embeddable":true,"href":"https:\/\/hostnetart.com.br\/baixada\/wp-json\/wp\/v2\/tags?post=3481"}],"curies":[{"name":"wp","href":"https:\/\/api.w.org\/{rel}","templated":true}]}}