{"id":3477,"date":"2017-12-05T12:24:57","date_gmt":"2017-12-05T14:24:57","guid":{"rendered":"https:\/\/hostnetart.com.br\/baixada\/expectativa-de-vida-no-brasil-sobe-para-quase-76-anos\/"},"modified":"2017-12-05T12:24:57","modified_gmt":"2017-12-05T14:24:57","slug":"expectativa-de-vida-no-brasil-sobe-para-quase-76-anos","status":"publish","type":"post","link":"https:\/\/hostnetart.com.br\/baixada\/expectativa-de-vida-no-brasil-sobe-para-quase-76-anos\/","title":{"rendered":"Expectativa de vida no Brasil sobe para quase 76 anos"},"content":{"rendered":"<p>A expectativa de vida no Brasil aumentou, em 2016, para 75 anos, nove meses e sete dias, ou 75,8 anos, segundo informou hoje (1\u00ba) o IBGE. Isso representou aumento de tr\u00eas meses e 11 dias em rela\u00e7\u00e3o ao ano anterior. Desde 1940, o crescimento foi de 30,3 anos.<\/p>\n<p>Para os homens, a expectativa de vida subiu de 71,9 anos, em 2015, para 72,2 anos. Para as mulheres, de 79,1 para 79,4 anos. Essa diferen\u00e7a, segundo o pesquisador Fernando Albuquerque, reflete o alto \u00edndice de viol\u00eancia contra jovens do sexo masculino.<\/p>\n<p>Entre as unidades da federa\u00e7\u00e3o, a expectativa varia de 70,6 anos (Maranh\u00e3o) para 79,1 anos (Santa Catarina). Em S\u00e3o Paulo, \u00e9 de 78,1 anos. Os dados do IBGE s\u00e3o um dos par\u00e2metros para determinar o fator previdenci\u00e1rio.<\/p>\n<p>A mortalidade infantil (crian\u00e7as menores de 5 anos) caiu de 16,1 por mil, em 2015, para 15,5 por mil. Entre os nascidos do sexo masculino, essa probabilidade era de 14,4 e entre as meninas, de 12,2 por mil.\u00a0<\/p>\n<p>\u00a0Albuquerque afirma que, a partir de 1940, com introdu\u00e7\u00e3o de alguns avan\u00e7os da medicina a pol\u00edticas p\u00fablicas de sa\u00fade, houve uma fase inicial de transi\u00e7\u00e3o demogr\u00e1fica, com o come\u00e7o da queda das taxas de mortalidade.\u00a0<\/p>\n<p>&#8220;Um pouco mais a frente, fatores como campanhas de vacina\u00e7\u00e3o em massa, aten\u00e7\u00e3o ao pr\u00e9-natal, incentivo ao aleitamento materno, contrata\u00e7\u00e3o de agentes comunit\u00e1rios de sa\u00fade e programas de nutri\u00e7\u00e3o infantil contribu\u00edram para o aumento da expectativa de vida do brasileiro ao longo dos anos&#8221;, diz o instituto, lembrando que, apesar do crescimento cont\u00ednuo, o Brasil segue abaixo de pa\u00edses como Jap\u00e3o, It\u00e1lia, Singapura e Su\u00ed\u00e7a, cujo indicador de expectativa de vida em 2015 era de 83 anos.<\/p>\n","protected":false},"excerpt":{"rendered":"<p>A expectativa de vida no Brasil aumentou, em 2016, para 75 anos, nove meses e sete dias, ou 75,8 anos, segundo informou hoje (1\u00ba) o IBGE. Isso representou aumento de tr\u00eas meses e 11 dias em rela\u00e7\u00e3o ao ano anterior. Desde 1940, o crescimento foi de 30,3 anos. Para os homens, a expectativa de vida [&hellip;]<\/p>\n","protected":false},"author":2,"featured_media":3476,"comment_status":"","ping_status":"","sticky":false,"template":"","format":"standard","meta":{"footnotes":""},"categories":[3],"tags":[],"class_list":["post-3477","post","type-post","status-publish","format-standard","has-post-thumbnail","hentry","category-noticias"],"_links":{"self":[{"href":"https:\/\/hostnetart.com.br\/baixada\/wp-json\/wp\/v2\/posts\/3477","targetHints":{"allow":["GET"]}}],"collection":[{"href":"https:\/\/hostnetart.com.br\/baixada\/wp-json\/wp\/v2\/posts"}],"about":[{"href":"https:\/\/hostnetart.com.br\/baixada\/wp-json\/wp\/v2\/types\/post"}],"author":[{"embeddable":true,"href":"https:\/\/hostnetart.com.br\/baixada\/wp-json\/wp\/v2\/users\/2"}],"replies":[{"embeddable":true,"href":"https:\/\/hostnetart.com.br\/baixada\/wp-json\/wp\/v2\/comments?post=3477"}],"version-history":[{"count":0,"href":"https:\/\/hostnetart.com.br\/baixada\/wp-json\/wp\/v2\/posts\/3477\/revisions"}],"wp:featuredmedia":[{"embeddable":true,"href":"https:\/\/hostnetart.com.br\/baixada\/wp-json\/wp\/v2\/media\/3476"}],"wp:attachment":[{"href":"https:\/\/hostnetart.com.br\/baixada\/wp-json\/wp\/v2\/media?parent=3477"}],"wp:term":[{"taxonomy":"category","embeddable":true,"href":"https:\/\/hostnetart.com.br\/baixada\/wp-json\/wp\/v2\/categories?post=3477"},{"taxonomy":"post_tag","embeddable":true,"href":"https:\/\/hostnetart.com.br\/baixada\/wp-json\/wp\/v2\/tags?post=3477"}],"curies":[{"name":"wp","href":"https:\/\/api.w.org\/{rel}","templated":true}]}}