{"id":3469,"date":"2017-12-04T15:46:09","date_gmt":"2017-12-04T17:46:09","guid":{"rendered":"https:\/\/hostnetart.com.br\/baixada\/contraf-cut-sedia-88-reuniao-do-conselho-de-enlace-da-uni-brasil\/"},"modified":"2017-12-04T15:46:09","modified_gmt":"2017-12-04T17:46:09","slug":"contraf-cut-sedia-88-reuniao-do-conselho-de-enlace-da-uni-brasil","status":"publish","type":"post","link":"https:\/\/hostnetart.com.br\/baixada\/contraf-cut-sedia-88-reuniao-do-conselho-de-enlace-da-uni-brasil\/","title":{"rendered":"Contraf-CUT sedia 88\u00aa reuni\u00e3o do Conselho de Enlace da Uni Brasil"},"content":{"rendered":"<div class=\"content\">\n<p>A Contraf-CUT sediou, na manh\u00e3 desta sexta-feira (1), a 88\u00aa reuni\u00e3o do Conselho de Enlace da Uni Brasil. O conselho re\u00fane todos os sindicatos que s\u00e3o afiliados da Uni no Brasil, independente da central sindical a que pertencem e do setor que representam.<\/p>\n<p>Para Roberto von der Osten, presidente da Contraf-CUT, a preocupa\u00e7\u00e3o com as quest\u00f5es internacionais faz parte da nossa constru\u00e7\u00e3o e do nosso ramo e \u00e9 profundamente marcado pelas quest\u00f5es dos bancos internacionais, por esse capitalismo financeiro internacional, que derruba a produ\u00e7\u00e3o industrial do mundo e se apropria de tudo. \u201cA Contraf-CUT faz parte da UNI Am\u00e9rica Finan\u00e7as e apostamos muito nessa organiza\u00e7\u00e3o. Esse \u00e9 o momento da UNI. Se as pessoas achavam que essa unidade internacional era necess\u00e1ria ideologicamente, agora ela \u00e9 quest\u00e3o de sobreviv\u00eancia. O mundo agora tem uma outra maneira de enxergar o mundo do trabalho, com uma retomada neoliberal extremamente concentradora, que rasgou todos os acordos internacionais que moderavam quest\u00f5es do desenvolvimento, da distribui\u00e7\u00e3o de renda, do controle de fluxo de capitais.\u201d<\/p>\n<p>O presidente da Contraf-CUT lembra que o Enlace sempre foi considerado um espa\u00e7o de reflex\u00e3o extremamente importante. \u201cN\u00f3s transversalizamos as v\u00e1rias centrais sindicais e os v\u00e1rios ramos, na perspectiva dos grandes debates que acontecem no Brasil e no mundo.\u201d<\/p>\n<p>Por ser a \u00faltima reuni\u00e3o do ano, a pauta principal foi a avalia\u00e7\u00e3o atividades de 2017. Os participantes tamb\u00e9m debateram propostas para o pr\u00f3ximo Congresso da Uni Mundial, que ser\u00e1 realizando em Liverpol, na Inglaterra, entre 17 a 20 de junho. O Congresso est\u00e1 estrutura em 4 eixos principais: Plano de estrat\u00e9gico Rompendo Barreiras \u2013 2018\/2022; Sindicatos para uma economia mundial sustent\u00e1vel; Trabalhar para um mundo de paz, democracia e direitos Humanos; e Sindicatos e o futuro mundo do trabalho.<\/p>\n<p>Na reuni\u00e3o ainda foram eleitos o coordenador do Conselho, Joaquim de Oliveira, da Confedera\u00e7\u00e3o Nacional dos Trabalhadores da Industria Gr\u00e1fica (Conatig), e o secret\u00e1rio de Atas, Edson Bertoldo, do Sindicato dos Comerci\u00e1rios de Osasco.<\/p>\n<p>A pr\u00f3xima reuni\u00e3o foi marcada para o dia 8 de fevereiro. \u201cNa ocasi\u00e3o, iremos definir os planos de lutas e a\u00e7\u00e3o para 2018, ano em que esperamos muitas dificuldades, por ser um ano eleitoral e o primeiro de negocia\u00e7\u00f5es coletivas ap\u00f3s a aprova\u00e7\u00e3o da reforma trabalhista, aprovada pelo governo golpista\u201d, explicou Mario Raia, secret\u00e1rio de Rela\u00e7\u00f5es Internacionais da Contraf-CUT.<\/p>\n<\/div>\n<p id=\"page-author\"><strong>Fonte: Contraf-CUT<\/strong><\/p>\n","protected":false},"excerpt":{"rendered":"<p>A Contraf-CUT sediou, na manh\u00e3 desta sexta-feira (1), a 88\u00aa reuni\u00e3o do Conselho de Enlace da Uni Brasil. O conselho re\u00fane todos os sindicatos que s\u00e3o afiliados da Uni no Brasil, independente da central sindical a que pertencem e do setor que representam. Para Roberto von der Osten, presidente da Contraf-CUT, a preocupa\u00e7\u00e3o com as [&hellip;]<\/p>\n","protected":false},"author":2,"featured_media":3468,"comment_status":"","ping_status":"","sticky":false,"template":"","format":"standard","meta":{"footnotes":""},"categories":[3],"tags":[],"class_list":["post-3469","post","type-post","status-publish","format-standard","has-post-thumbnail","hentry","category-noticias"],"_links":{"self":[{"href":"https:\/\/hostnetart.com.br\/baixada\/wp-json\/wp\/v2\/posts\/3469","targetHints":{"allow":["GET"]}}],"collection":[{"href":"https:\/\/hostnetart.com.br\/baixada\/wp-json\/wp\/v2\/posts"}],"about":[{"href":"https:\/\/hostnetart.com.br\/baixada\/wp-json\/wp\/v2\/types\/post"}],"author":[{"embeddable":true,"href":"https:\/\/hostnetart.com.br\/baixada\/wp-json\/wp\/v2\/users\/2"}],"replies":[{"embeddable":true,"href":"https:\/\/hostnetart.com.br\/baixada\/wp-json\/wp\/v2\/comments?post=3469"}],"version-history":[{"count":0,"href":"https:\/\/hostnetart.com.br\/baixada\/wp-json\/wp\/v2\/posts\/3469\/revisions"}],"wp:featuredmedia":[{"embeddable":true,"href":"https:\/\/hostnetart.com.br\/baixada\/wp-json\/wp\/v2\/media\/3468"}],"wp:attachment":[{"href":"https:\/\/hostnetart.com.br\/baixada\/wp-json\/wp\/v2\/media?parent=3469"}],"wp:term":[{"taxonomy":"category","embeddable":true,"href":"https:\/\/hostnetart.com.br\/baixada\/wp-json\/wp\/v2\/categories?post=3469"},{"taxonomy":"post_tag","embeddable":true,"href":"https:\/\/hostnetart.com.br\/baixada\/wp-json\/wp\/v2\/tags?post=3469"}],"curies":[{"name":"wp","href":"https:\/\/api.w.org\/{rel}","templated":true}]}}