{"id":3465,"date":"2017-12-01T15:17:43","date_gmt":"2017-12-01T17:17:43","guid":{"rendered":"https:\/\/hostnetart.com.br\/baixada\/suspensa-greve-geral-do-dia-5\/"},"modified":"2017-12-01T15:17:43","modified_gmt":"2017-12-01T17:17:43","slug":"suspensa-greve-geral-do-dia-5","status":"publish","type":"post","link":"https:\/\/hostnetart.com.br\/baixada\/suspensa-greve-geral-do-dia-5\/","title":{"rendered":"Suspensa Greve Geral do dia 5"},"content":{"rendered":"<div class=\"content\">\n<p>A Central \u00danica dos Trabalhadores (CUT) e demais centrais sindicais (For\u00e7a Sindical, UGT, CTB, Nova Central e CSB) suspenderam a Greve Geral que havia sido convocada para o dia 5 de dezembro.<\/p>\n<p>Em nota, a CUT afirma que o movimento sindical tinha decidido que, \u201cse marcar a vota\u00e7\u00e3o (da reforma da Previd\u00eancia), o Brasil vai parar\u201d. Como a proposta n\u00e3o ser\u00e1 votada na semana que vem, como havia sido marcado pelo presidente da C\u00e2mara dos Deputados, a greve foi suspensa.<\/p>\n<p>Mas, as centrais recomendam que os trabalhadores se mantenham em alerta e os sindicatos continuem com seu trabalho de mobiliza\u00e7\u00e3o contra a reforma que, na pr\u00e1tica, acaba com a aposentadoria da classe trabalhadora.<\/p>\n<p>\u201cA suspens\u00e3o da greve pode ser considerada uma vit\u00f3ria antecipada da classe trabalhadora. O governo Temer n\u00e3o tinha a quantidade suficiente de votos para a aprovar mais um massacre contra os trabalhadores. E isso se deve ao trabalho de den\u00fancia que fizemos dos deputados e senadores que votaram a favor da terceiriza\u00e7\u00e3o e da reforma trabalhista. Temos que manter a mobiliza\u00e7\u00e3o para derrubar de vez essa famigerada proposta. Quem vota contra os trabalhadores n\u00e3o ser\u00e1 eleito no ano que vem\u201d, disse Roberto von der Osten, presidente da Confedera\u00e7\u00e3o dos Trabalhadores do Ramo Financeiro (Contraf-CUT).<\/p>\n<p>Leia a \u00edntegra da <ins><strong><a href=\"https:\/\/cut.org.br\/noticias\/greve-do-dia-5-suspensa-porque-governo-recuou-e-retirou-da-pauta-do-dia-6-votaca-353b\/\" target=\"_blank\" rel=\"noopener noreferrer\">nota da CUT<\/a><\/strong><\/ins>.<\/p>\n<\/div>\n<p id=\"page-author\"><strong>Fonte: Contraf-CUT<\/strong><\/p>\n","protected":false},"excerpt":{"rendered":"<p>A Central \u00danica dos Trabalhadores (CUT) e demais centrais sindicais (For\u00e7a Sindical, UGT, CTB, Nova Central e CSB) suspenderam a Greve Geral que havia sido convocada para o dia 5 de dezembro. Em nota, a CUT afirma que o movimento sindical tinha decidido que, \u201cse marcar a vota\u00e7\u00e3o (da reforma da Previd\u00eancia), o Brasil vai [&hellip;]<\/p>\n","protected":false},"author":2,"featured_media":3464,"comment_status":"","ping_status":"","sticky":false,"template":"","format":"standard","meta":{"footnotes":""},"categories":[3],"tags":[],"class_list":["post-3465","post","type-post","status-publish","format-standard","has-post-thumbnail","hentry","category-noticias"],"_links":{"self":[{"href":"https:\/\/hostnetart.com.br\/baixada\/wp-json\/wp\/v2\/posts\/3465","targetHints":{"allow":["GET"]}}],"collection":[{"href":"https:\/\/hostnetart.com.br\/baixada\/wp-json\/wp\/v2\/posts"}],"about":[{"href":"https:\/\/hostnetart.com.br\/baixada\/wp-json\/wp\/v2\/types\/post"}],"author":[{"embeddable":true,"href":"https:\/\/hostnetart.com.br\/baixada\/wp-json\/wp\/v2\/users\/2"}],"replies":[{"embeddable":true,"href":"https:\/\/hostnetart.com.br\/baixada\/wp-json\/wp\/v2\/comments?post=3465"}],"version-history":[{"count":0,"href":"https:\/\/hostnetart.com.br\/baixada\/wp-json\/wp\/v2\/posts\/3465\/revisions"}],"wp:featuredmedia":[{"embeddable":true,"href":"https:\/\/hostnetart.com.br\/baixada\/wp-json\/wp\/v2\/media\/3464"}],"wp:attachment":[{"href":"https:\/\/hostnetart.com.br\/baixada\/wp-json\/wp\/v2\/media?parent=3465"}],"wp:term":[{"taxonomy":"category","embeddable":true,"href":"https:\/\/hostnetart.com.br\/baixada\/wp-json\/wp\/v2\/categories?post=3465"},{"taxonomy":"post_tag","embeddable":true,"href":"https:\/\/hostnetart.com.br\/baixada\/wp-json\/wp\/v2\/tags?post=3465"}],"curies":[{"name":"wp","href":"https:\/\/api.w.org\/{rel}","templated":true}]}}