{"id":3463,"date":"2017-12-01T12:25:19","date_gmt":"2017-12-01T14:25:19","guid":{"rendered":"https:\/\/hostnetart.com.br\/baixada\/no-dia-mundial-de-combate-a-aids-nossa-luta-e-pelo-fim-do-preconceito\/"},"modified":"2017-12-01T12:25:19","modified_gmt":"2017-12-01T14:25:19","slug":"no-dia-mundial-de-combate-a-aids-nossa-luta-e-pelo-fim-do-preconceito","status":"publish","type":"post","link":"https:\/\/hostnetart.com.br\/baixada\/no-dia-mundial-de-combate-a-aids-nossa-luta-e-pelo-fim-do-preconceito\/","title":{"rendered":"No Dia Mundial de Combate \u00e0 Aids nossa luta \u00e9 pelo fim do preconceito"},"content":{"rendered":"<div class=\"content\">\n<p>Em 1 de dezembro \u00e9 comemorado o Dia Internacional da Luta contra a AIDS. A data tem como objetivo lembrar a sociedade da intensa luta travada contra a AIDS e trazer os valores de compreens\u00e3o, solidariedade e apoio as pessoas infectadas pelo v\u00edrus HIV\/AIDS.<\/p>\n<p>\u201cPrecisamos defender uma pol\u00edtica mais eficaz de combate \u00e0 Aids e superar o preconceito. \u00c9 preciso lembrar a import\u00e2ncia da preven\u00e7\u00e3o e da necessidade imperiosa de acabar com o preconceito, principal obst\u00e1culo de combate \u00e0 doen\u00e7a. O governo precisa intensificar e melhorar a pol\u00edtica de informa\u00e7\u00e3o \u00e0 toda popula\u00e7\u00e3o&#8221;, afirma Adilson Barros, diretor da Contraf-CUT.<\/p>\n<p>Adilson lembrou que os homossexuais s\u00e3o as maiores v\u00edtimas da doen\u00e7a e sofrem o duplo preconceito, por sua orienta\u00e7\u00e3o sexual e por serem portadores do v\u00edrus, apesar de, nos dias de hoje, n\u00e3o ser mais somente uma doen\u00e7a dos gays. \u201c\u00c9 preciso ampliar as pol\u00edticas de preven\u00e7\u00e3o e p\u00f4r fim ao preconceito. Avan\u00e7amos em dire\u00e7\u00e3o \u00e0 cidadania, mas n\u00e3o temos muito a comemorar, j\u00e1 que a quantidade de mortes permanece alta em rela\u00e7\u00e3o ao per\u00edodo passado. H\u00e1 falhas em campanhas preventivas, especialmente pelo Congresso conservador que temos e interfere em campanhas para grupos de risco, como a de preven\u00e7\u00e3o entre as prostitutas, alegando que estamos fazendo apologia \u00e0 prostitui\u00e7\u00e3o. Se n\u00e3o atualizarmos a linguagem para falar com grupos que est\u00e3o mais vulner\u00e1veis, como os adolescentes, por exemplo, apelando apenas para clich\u00eas como \u2018AIDS mata, use camisinha\u2019, n\u00e3o vamos avan\u00e7ar na preven\u00e7\u00e3o.&#8221;<\/p>\n<p>Segundo o relat\u00f3rio da ONU, o mundo tinha em 2016 36,7 milh\u00f5es de pessoas infectadas pelo HIV, sendo que 19,5 milh\u00f5es delas tinha acesso a tratamentos. Esses n\u00fameros mostram que, pela primeira vez, mais da metade dos pacientes est\u00e1 sendo atendida. O n\u00famero de novas infec\u00e7\u00f5es tamb\u00e9m est\u00e1 em queda, ainda que em ritmo lento para conter a epidemia. No ano passado, 1,8 milh\u00e3o de pessoas foram infectadas, o que significa uma nova infec\u00e7\u00e3o a cada 17 segundos. No Brasil aumentou em 3% entre 2010 e o ano passado. No mundo, essa taxa sofreu contra\u00e7\u00e3o de 11%.<\/p>\n<p><em><strong>O Brasil na Luta contra a AIDS<\/strong><\/em><\/p>\n<p>No \u00e2mbito nacional a luta contra a AIDS tamb\u00e9m merece destaque. Na defini\u00e7\u00e3o dos temas mundiais, a ONU e a OMS levam em considera\u00e7\u00e3o os n\u00edveis de crescimento e controle de cada pa\u00eds. O Brasil, a partir da d\u00e9cada de 1990, tornou-se refer\u00eancia mundial na luta contra a AIDS, principalmente por garantir tratamento gratuito atrav\u00e9s do SUS em n\u00edvel nacional h\u00e1 cerca de 16 anos, oferecendo medicamentos e acompanhamento m\u00e9dico, al\u00e9m de promover diversas campanhas para minimizar o cont\u00e1gio e diminuir o preconceito.<\/p>\n<p>\u201cO Brasil tem uma boa resposta no que diz respeito aos medicamentos dispon\u00edveis, mas a discrimina\u00e7\u00e3o das popula\u00e7\u00f5es mais vulner\u00e1veis continua sendo um desafio. Muitas pessoas morrem sem sequer saber que t\u00eam a doen\u00e7a. Elas t\u00eam medo de fazer o teste, de perder a fam\u00edlia, o emprego e acabam chegando muito tarde ao tratamento. N\u00e3o precisa ter e ser para sentir&#8221;, finalizou o dirigente.<\/p>\n<p>O 1\u00ba de dezembro, como Dia Mundial de Combate \u00e0 Aids, foi institu\u00eddo pela Organiza\u00e7\u00e3o Mundial de Sa\u00fade (OMS) em 1988 para conscientizar a todos sobre a pandemia de Aids no mundo e estimular o debate sobre a preven\u00e7\u00e3o, tratamento e necessidade de acabar com a discrimina\u00e7\u00e3o.<\/p>\n<\/div>\n<p id=\"page-author\"><strong>Fonte: Contraf-CUT<\/strong><\/p>\n","protected":false},"excerpt":{"rendered":"<p>Em 1 de dezembro \u00e9 comemorado o Dia Internacional da Luta contra a AIDS. A data tem como objetivo lembrar a sociedade da intensa luta travada contra a AIDS e trazer os valores de compreens\u00e3o, solidariedade e apoio as pessoas infectadas pelo v\u00edrus HIV\/AIDS. \u201cPrecisamos defender uma pol\u00edtica mais eficaz de combate \u00e0 Aids e [&hellip;]<\/p>\n","protected":false},"author":2,"featured_media":3462,"comment_status":"","ping_status":"","sticky":false,"template":"","format":"standard","meta":{"footnotes":""},"categories":[3],"tags":[],"class_list":["post-3463","post","type-post","status-publish","format-standard","has-post-thumbnail","hentry","category-noticias"],"_links":{"self":[{"href":"https:\/\/hostnetart.com.br\/baixada\/wp-json\/wp\/v2\/posts\/3463","targetHints":{"allow":["GET"]}}],"collection":[{"href":"https:\/\/hostnetart.com.br\/baixada\/wp-json\/wp\/v2\/posts"}],"about":[{"href":"https:\/\/hostnetart.com.br\/baixada\/wp-json\/wp\/v2\/types\/post"}],"author":[{"embeddable":true,"href":"https:\/\/hostnetart.com.br\/baixada\/wp-json\/wp\/v2\/users\/2"}],"replies":[{"embeddable":true,"href":"https:\/\/hostnetart.com.br\/baixada\/wp-json\/wp\/v2\/comments?post=3463"}],"version-history":[{"count":0,"href":"https:\/\/hostnetart.com.br\/baixada\/wp-json\/wp\/v2\/posts\/3463\/revisions"}],"wp:featuredmedia":[{"embeddable":true,"href":"https:\/\/hostnetart.com.br\/baixada\/wp-json\/wp\/v2\/media\/3462"}],"wp:attachment":[{"href":"https:\/\/hostnetart.com.br\/baixada\/wp-json\/wp\/v2\/media?parent=3463"}],"wp:term":[{"taxonomy":"category","embeddable":true,"href":"https:\/\/hostnetart.com.br\/baixada\/wp-json\/wp\/v2\/categories?post=3463"},{"taxonomy":"post_tag","embeddable":true,"href":"https:\/\/hostnetart.com.br\/baixada\/wp-json\/wp\/v2\/tags?post=3463"}],"curies":[{"name":"wp","href":"https:\/\/api.w.org\/{rel}","templated":true}]}}