{"id":3461,"date":"2017-12-01T12:19:43","date_gmt":"2017-12-01T14:19:43","guid":{"rendered":"https:\/\/hostnetart.com.br\/baixada\/comissao-bipartite-de-seguranca-bancaria-discute-alteracoes-na-clausulas-31-e-33\/"},"modified":"2017-12-01T12:19:43","modified_gmt":"2017-12-01T14:19:43","slug":"comissao-bipartite-de-seguranca-bancaria-discute-alteracoes-na-clausulas-31-e-33","status":"publish","type":"post","link":"https:\/\/hostnetart.com.br\/baixada\/comissao-bipartite-de-seguranca-bancaria-discute-alteracoes-na-clausulas-31-e-33\/","title":{"rendered":"Comiss\u00e3o Bipartite de Seguran\u00e7a Banc\u00e1ria discute altera\u00e7\u00f5es na cl\u00e1usulas 31 e 33"},"content":{"rendered":"<div class=\"content\">\n<p>A reuni\u00e3o da Comiss\u00e3o Bipartite de Seguran\u00e7a Banc\u00e1ria, realizada nesta quinta-feira (30), na sede da Federa\u00e7\u00e3o Nacional dos Bancos, deu continuidade \u00e0s negocia\u00e7\u00f5es sobre as altera\u00e7\u00f5es dos itens do artigo 33 e do 31 da Conven\u00e7\u00e3o Coletiva de Trabalho (CCT), que visam ampliar os direitos dos banc\u00e1rios v\u00edtimas de extors\u00e3o mediante sequestro.<\/p>\n<p>Na reuni\u00e3o anterior, os bancos aceitaram promover altera\u00e7\u00f5es na cl\u00e1usula 33-C, que passou a dar \u00e0s v\u00edtimas de extors\u00e3o mediante sequestro a possibilidade de realoca\u00e7\u00e3o para outra ag\u00eancia ou posto de atendimento banc\u00e1rio.<\/p>\n<p>Agora, as altera\u00e7\u00f5es reivindicadas pelos representantes dos banc\u00e1rios exaltam a necessidade da inclus\u00e3o do crime tamb\u00e9m nos itens A, B e D do artigo 33 e do 31 da CCT. \u201cEntendemos que o banc\u00e1rio pode ser v\u00edtima de extors\u00e3o mediante sequestro e ter sua vida impactada fortemente, por isso, precisamos criar uma prote\u00e7\u00e3o para os trabalhadores e suas fam\u00edlias\u201d, afirmou Gustavo Tabatinga, coordenador do Coletivo Nacional de\u00a0Seguran\u00e7a\u00a0da Contraf-CUT.<\/p>\n<p>A Fenaban se comprometeu em avaliar as altera\u00e7\u00f5es e discutir\u00e1 os pr\u00f3ximos passos com os trabalhadores na pr\u00f3xima reuni\u00e3o, que ser\u00e1 agendada para 2018.<\/p>\n<p><em><strong>Investimento em seguran\u00e7a<\/strong><\/em><br \/> Os representantes dos trabalhadores reivindicaram a cria\u00e7\u00e3o de um novo modelo de seguran\u00e7a que sugere a instala\u00e7\u00e3o de equipamentos de seguran\u00e7a em 10 ag\u00eancias em 5 bancos de grande representatividade. \u201cA inten\u00e7\u00e3o \u00e9 criar um piloto desse novo m\u00e9todo para que possamos acompanhar e avaliar os pontos positivos e negativos\u201d, explicou Gustavo.<\/p>\n<p>A Fenaban n\u00e3o se posicionou sobre a reivindica\u00e7\u00e3o e criar\u00e1 um calend\u00e1rio para discutir o assunto.<\/p>\n<\/div>\n<p id=\"page-author\"><strong>Fonte: Contraf-CUT<\/strong><\/p>\n","protected":false},"excerpt":{"rendered":"<p>A reuni\u00e3o da Comiss\u00e3o Bipartite de Seguran\u00e7a Banc\u00e1ria, realizada nesta quinta-feira (30), na sede da Federa\u00e7\u00e3o Nacional dos Bancos, deu continuidade \u00e0s negocia\u00e7\u00f5es sobre as altera\u00e7\u00f5es dos itens do artigo 33 e do 31 da Conven\u00e7\u00e3o Coletiva de Trabalho (CCT), que visam ampliar os direitos dos banc\u00e1rios v\u00edtimas de extors\u00e3o mediante sequestro. Na reuni\u00e3o anterior, [&hellip;]<\/p>\n","protected":false},"author":2,"featured_media":3460,"comment_status":"","ping_status":"","sticky":false,"template":"","format":"standard","meta":{"footnotes":""},"categories":[3],"tags":[],"class_list":["post-3461","post","type-post","status-publish","format-standard","has-post-thumbnail","hentry","category-noticias"],"_links":{"self":[{"href":"https:\/\/hostnetart.com.br\/baixada\/wp-json\/wp\/v2\/posts\/3461","targetHints":{"allow":["GET"]}}],"collection":[{"href":"https:\/\/hostnetart.com.br\/baixada\/wp-json\/wp\/v2\/posts"}],"about":[{"href":"https:\/\/hostnetart.com.br\/baixada\/wp-json\/wp\/v2\/types\/post"}],"author":[{"embeddable":true,"href":"https:\/\/hostnetart.com.br\/baixada\/wp-json\/wp\/v2\/users\/2"}],"replies":[{"embeddable":true,"href":"https:\/\/hostnetart.com.br\/baixada\/wp-json\/wp\/v2\/comments?post=3461"}],"version-history":[{"count":0,"href":"https:\/\/hostnetart.com.br\/baixada\/wp-json\/wp\/v2\/posts\/3461\/revisions"}],"wp:featuredmedia":[{"embeddable":true,"href":"https:\/\/hostnetart.com.br\/baixada\/wp-json\/wp\/v2\/media\/3460"}],"wp:attachment":[{"href":"https:\/\/hostnetart.com.br\/baixada\/wp-json\/wp\/v2\/media?parent=3461"}],"wp:term":[{"taxonomy":"category","embeddable":true,"href":"https:\/\/hostnetart.com.br\/baixada\/wp-json\/wp\/v2\/categories?post=3461"},{"taxonomy":"post_tag","embeddable":true,"href":"https:\/\/hostnetart.com.br\/baixada\/wp-json\/wp\/v2\/tags?post=3461"}],"curies":[{"name":"wp","href":"https:\/\/api.w.org\/{rel}","templated":true}]}}