{"id":3459,"date":"2017-12-01T12:05:12","date_gmt":"2017-12-01T14:05:12","guid":{"rendered":"https:\/\/hostnetart.com.br\/baixada\/gt-de-saude-e-condicoes-de-trabalho-do-itau-volta-a-debater-o-programa-de-readaptacao\/"},"modified":"2017-12-01T12:05:12","modified_gmt":"2017-12-01T14:05:12","slug":"gt-de-saude-e-condicoes-de-trabalho-do-itau-volta-a-debater-o-programa-de-readaptacao","status":"publish","type":"post","link":"https:\/\/hostnetart.com.br\/baixada\/gt-de-saude-e-condicoes-de-trabalho-do-itau-volta-a-debater-o-programa-de-readaptacao\/","title":{"rendered":"GT de Sa\u00fade e Condi\u00e7\u00f5es de Trabalho do Ita\u00fa volta a debater o Programa de Readapta\u00e7\u00e3o"},"content":{"rendered":"<div class=\"content\">\n<p>O Grupo de Trabalho (GT) de Sa\u00fade e Condi\u00e7\u00f5es de Trabalho do Ita\u00fa voltou a discutir o Programa de Readapta\u00e7\u00e3o, institu\u00eddo pelo banco sem a participa\u00e7\u00e3o do movimento sindical, em reuni\u00e3o realizada na sede da Contraf-CUT, em S\u00e3o Paulo, nesta quinta-feira (30).<\/p>\n<p>O debate girou em torno da contraproposta apresentada pelo banco em cima das propostas de mudan\u00e7a para o Programa de Readapta\u00e7\u00e3o, com a inclus\u00e3o de cl\u00e1usulas que garantem a prote\u00e7\u00e3o do trabalhador, entregue pelo movimento sindical em outubro. Wellington Trindade, representantes da Fetec-NE, pontuou o fato de o material ter sido enviado antes da reuni\u00e3o para avalia\u00e7\u00e3o dos representantes dos trabalhadores facilitou o processo negocial.<\/p>\n<p>Um dos pontos mais pol\u00eamicos \u00e9 sobre a realiza\u00e7\u00e3o da avalia\u00e7\u00e3o de performance do trabalhador. Os dirigentes sindicais questionaram o m\u00e9todo de avalia\u00e7\u00e3o e por quem \u00e9 feito. \u201cA pessoa est\u00e1 fragilizada, mas continua sendo cobrada normalmente. Reivindicamos que, por um per\u00edodo pr\u00e9-estabelecido, elas tenham uma avalia\u00e7\u00e3o diferenciada\u201d, explicou Adma Gomes, coordenadora do GT.<\/p>\n<p>Tamb\u00e9m foram discutidas as cl\u00e1usulas 15 e 65 da Conven\u00e7\u00e3o Coletiva de Trabalho (CCT). Os banc\u00e1rios pedem o fim da suspens\u00e3o do pagamento do aux\u00edlio cesta alimenta\u00e7\u00e3o, garantido pela cl\u00e1usula 15 da CCT, quando o INSS indefere o benef\u00edcio. \u201cO banco deve manter o benef\u00edcio, j\u00e1 que as pessoas j\u00e1 est\u00e3o em dificuldades financeiras por conta de seus tratamentos, e n\u00e3o podem ter aumento de gastos com as compras de alimentos. A medida contraria a cl\u00e1usula 15\u201d, afirmou Luciana Duarte, representante da Fetrafi-MG.<\/p>\n<p>Sobre a cl\u00e1usula 29 da CCT, o debate continua sobre o parcelamento da d\u00edvida do funcion\u00e1rio quando estiver afastado.<\/p>\n<p>Os trabalhadores ir\u00e3o enviar uma nova proposta de acordo para o banco analisar. No in\u00edcio do ano, haver\u00e1 um novo encontro para o banco retornar as reivindica\u00e7\u00f5es dos trabalhadores.<\/p>\n<\/div>\n<p id=\"page-author\"><strong>Fonte: Contraf-CUT<\/strong><\/p>\n","protected":false},"excerpt":{"rendered":"<p>O Grupo de Trabalho (GT) de Sa\u00fade e Condi\u00e7\u00f5es de Trabalho do Ita\u00fa voltou a discutir o Programa de Readapta\u00e7\u00e3o, institu\u00eddo pelo banco sem a participa\u00e7\u00e3o do movimento sindical, em reuni\u00e3o realizada na sede da Contraf-CUT, em S\u00e3o Paulo, nesta quinta-feira (30). O debate girou em torno da contraproposta apresentada pelo banco em cima das [&hellip;]<\/p>\n","protected":false},"author":2,"featured_media":3458,"comment_status":"","ping_status":"","sticky":false,"template":"","format":"standard","meta":{"footnotes":""},"categories":[3],"tags":[],"class_list":["post-3459","post","type-post","status-publish","format-standard","has-post-thumbnail","hentry","category-noticias"],"_links":{"self":[{"href":"https:\/\/hostnetart.com.br\/baixada\/wp-json\/wp\/v2\/posts\/3459","targetHints":{"allow":["GET"]}}],"collection":[{"href":"https:\/\/hostnetart.com.br\/baixada\/wp-json\/wp\/v2\/posts"}],"about":[{"href":"https:\/\/hostnetart.com.br\/baixada\/wp-json\/wp\/v2\/types\/post"}],"author":[{"embeddable":true,"href":"https:\/\/hostnetart.com.br\/baixada\/wp-json\/wp\/v2\/users\/2"}],"replies":[{"embeddable":true,"href":"https:\/\/hostnetart.com.br\/baixada\/wp-json\/wp\/v2\/comments?post=3459"}],"version-history":[{"count":0,"href":"https:\/\/hostnetart.com.br\/baixada\/wp-json\/wp\/v2\/posts\/3459\/revisions"}],"wp:featuredmedia":[{"embeddable":true,"href":"https:\/\/hostnetart.com.br\/baixada\/wp-json\/wp\/v2\/media\/3458"}],"wp:attachment":[{"href":"https:\/\/hostnetart.com.br\/baixada\/wp-json\/wp\/v2\/media?parent=3459"}],"wp:term":[{"taxonomy":"category","embeddable":true,"href":"https:\/\/hostnetart.com.br\/baixada\/wp-json\/wp\/v2\/categories?post=3459"},{"taxonomy":"post_tag","embeddable":true,"href":"https:\/\/hostnetart.com.br\/baixada\/wp-json\/wp\/v2\/tags?post=3459"}],"curies":[{"name":"wp","href":"https:\/\/api.w.org\/{rel}","templated":true}]}}