{"id":3455,"date":"2017-11-30T15:58:00","date_gmt":"2017-11-30T17:58:00","guid":{"rendered":"https:\/\/hostnetart.com.br\/baixada\/temer-propoe-40-anos-de-contribuicao-para-aposentadoria-integral\/"},"modified":"2017-11-30T15:58:00","modified_gmt":"2017-11-30T17:58:00","slug":"temer-propoe-40-anos-de-contribuicao-para-aposentadoria-integral","status":"publish","type":"post","link":"https:\/\/hostnetart.com.br\/baixada\/temer-propoe-40-anos-de-contribuicao-para-aposentadoria-integral\/","title":{"rendered":"Temer prop\u00f5e 40 anos de contribui\u00e7\u00e3o para aposentadoria integral"},"content":{"rendered":"<p>Em mais um banquete realizado no Pal\u00e1cio da Alvorada, em Bras\u00edlia, que teve como prato principal as aposentadorias dos brasileiros, o presidente Michel Temer (PMDB) reuniu deputados da base, ministros e governadores na noite desta quarta-feira (22) para apresentar um novo texto-base da reforma da Previd\u00eancia, para tentar diminuir a resist\u00eancia que enfrenta at\u00e9 mesmo em sua base aliada. <\/p>\n<p>Entre as altera\u00e7\u00f5es propostas, a idade m\u00ednima de aposentadoria de 65 anos para homens e 62 para mulheres foi mantida, mas o tempo m\u00ednimo de contribui\u00e7\u00e3o caiu de 25 anos \u2013 como constava no texto-base aprovado em comiss\u00e3o especial \u2013 para 15 anos, como \u00e9 atualmente, para os trabalhadores da iniciativa privada.<\/p>\n<p>Com 15 anos no Regime Geral da Previd\u00eancia Social (RGPS), o trabalhador se aposenta com 60% da renda m\u00e9dia de contribui\u00e7\u00e3o. No Regime Pr\u00f3prio de Previd\u00eancia Social (RPPS), a partir do m\u00ednimo de 25 anos de contribui\u00e7\u00e3o, o servidor come\u00e7a com 70%.<\/p>\n<p>O tempo para se aposentar com 100% da renda m\u00e9dia de contribui\u00e7\u00e3o ficou em 40 anos. Trabalhadores rurais n\u00e3o ser\u00e3o atingidos pelas mudan\u00e7as pretendidas pelo governo. <\/p>\n<p>Para servidores p\u00fablicos, o governo quer 25 anos de contribui\u00e7\u00e3o. Professores e policiais, poder\u00e3o se aposentar aos 60 anos e 55 anos, respectivamente, sem distin\u00e7\u00e3o de g\u00eanero. <\/p>\n<p>Para o professor do Instituto de Economia da Universidade Estadual de Campinas (Unicamp) Eduardo Fagnani, cerca de 80% dos trabalhadores dever\u00e3o se aposentar com 15 anos de contribui\u00e7\u00e3o, perdendo, assim, quase a metade da renda mensal.<\/p>\n<p>Ele ressalta que, enquanto o governo pretende economizar cerca de R$ 800 bilh\u00f5es, em uma d\u00e9cada, concedeu, somente neste ano, mais de 500 bi em refinanciamento de d\u00edvidas e multas das empresas. &#8220;Colocou essa reforma sem debate democr\u00e1tico, com um diagn\u00f3stico absolutamente falho e baseada no terrorismo. A ideia \u00e9 que as pessoas fiquem com medo&#8221;, diz Fagnani \u00e0 rep\u00f3rter Michelle Gomes, para o Seu Jornal, da TVT. <\/p>\n<p>Para a diretora do Sindicato dos Professores de S\u00e3o Paulo (Sinpro) Silvia Celeste B\u00e1rbara, o tempo de contribui\u00e7\u00e3o elevado \u2013 25% \u2013 para alcan\u00e7ar a aposentadoria integral s\u00f3 faria sentido se houvessem regras que favorecessem a estabilidade no emprego. &#8220;O que o governo tem feito \u00e9 exatamente o contr\u00e1rio, que \u00e9 facilitar a demiss\u00e3o, a rotatividade e o trabalho prec\u00e1rio&#8221;, afirma. \u00a0<\/p>\n","protected":false},"excerpt":{"rendered":"<p>Em mais um banquete realizado no Pal\u00e1cio da Alvorada, em Bras\u00edlia, que teve como prato principal as aposentadorias dos brasileiros, o presidente Michel Temer (PMDB) reuniu deputados da base, ministros e governadores na noite desta quarta-feira (22) para apresentar um novo texto-base da reforma da Previd\u00eancia, para tentar diminuir a resist\u00eancia que enfrenta at\u00e9 mesmo [&hellip;]<\/p>\n","protected":false},"author":2,"featured_media":3454,"comment_status":"","ping_status":"","sticky":false,"template":"","format":"standard","meta":{"footnotes":""},"categories":[3],"tags":[],"class_list":["post-3455","post","type-post","status-publish","format-standard","has-post-thumbnail","hentry","category-noticias"],"_links":{"self":[{"href":"https:\/\/hostnetart.com.br\/baixada\/wp-json\/wp\/v2\/posts\/3455","targetHints":{"allow":["GET"]}}],"collection":[{"href":"https:\/\/hostnetart.com.br\/baixada\/wp-json\/wp\/v2\/posts"}],"about":[{"href":"https:\/\/hostnetart.com.br\/baixada\/wp-json\/wp\/v2\/types\/post"}],"author":[{"embeddable":true,"href":"https:\/\/hostnetart.com.br\/baixada\/wp-json\/wp\/v2\/users\/2"}],"replies":[{"embeddable":true,"href":"https:\/\/hostnetart.com.br\/baixada\/wp-json\/wp\/v2\/comments?post=3455"}],"version-history":[{"count":0,"href":"https:\/\/hostnetart.com.br\/baixada\/wp-json\/wp\/v2\/posts\/3455\/revisions"}],"wp:featuredmedia":[{"embeddable":true,"href":"https:\/\/hostnetart.com.br\/baixada\/wp-json\/wp\/v2\/media\/3454"}],"wp:attachment":[{"href":"https:\/\/hostnetart.com.br\/baixada\/wp-json\/wp\/v2\/media?parent=3455"}],"wp:term":[{"taxonomy":"category","embeddable":true,"href":"https:\/\/hostnetart.com.br\/baixada\/wp-json\/wp\/v2\/categories?post=3455"},{"taxonomy":"post_tag","embeddable":true,"href":"https:\/\/hostnetart.com.br\/baixada\/wp-json\/wp\/v2\/tags?post=3455"}],"curies":[{"name":"wp","href":"https:\/\/api.w.org\/{rel}","templated":true}]}}