{"id":3453,"date":"2017-11-30T15:56:22","date_gmt":"2017-11-30T17:56:22","guid":{"rendered":"https:\/\/hostnetart.com.br\/baixada\/hoje-tem-negociacao-da-mesa-de-seguranca-bancaria\/"},"modified":"2017-11-30T15:56:22","modified_gmt":"2017-11-30T17:56:22","slug":"hoje-tem-negociacao-da-mesa-de-seguranca-bancaria","status":"publish","type":"post","link":"https:\/\/hostnetart.com.br\/baixada\/hoje-tem-negociacao-da-mesa-de-seguranca-bancaria\/","title":{"rendered":"Hoje tem negocia\u00e7\u00e3o da mesa de Seguran\u00e7a Banc\u00e1ria"},"content":{"rendered":"<p><em><span style=\"text-decoration: underline;\">Abrang\u00eancia das altera\u00e7\u00f5es na CCT estar\u00e3o em pauta; v\u00edtimas de extors\u00e3o tamb\u00e9m ter\u00e3o a possibilidade de realoca\u00e7\u00e3o<\/span><\/em><\/p>\n<p>A Comiss\u00e3o Bipartite de Seguran\u00e7a Banc\u00e1ria, composta por representantes dos banc\u00e1rios e dos bancos, se re\u00fane nesta quinta-feira (30), a partir das 15h, em S\u00e3o Paulo, para dar continuidade \u00e0s negocia\u00e7\u00f5es sobre poss\u00edveis altera\u00e7\u00f5es na Conven\u00e7\u00e3o Coletiva de Trabalho (CCT) da categoria para ampliar direitos dos banc\u00e1rios v\u00edtimas de sequestro tamb\u00e9m para aqueles que forem v\u00edtimas de extors\u00e3o mediante sequestro.<\/p>\n<p>Na reuni\u00e3o anterior, os bancos aceitaram promover altera\u00e7\u00f5es na cl\u00e1usula 33-C e encaminhariam \u00e0 Federa\u00e7\u00e3o Nacional dos Bancos (Fenaban) uma recomenda\u00e7\u00e3o para alterar a reda\u00e7\u00e3o do item C da cl\u00e1usula 33 da Conven\u00e7\u00e3o Coletiva de Trabalho (CCT). Com isso, as v\u00edtimas de extors\u00e3o tamb\u00e9m ter\u00e3o a possibilidade de realoca\u00e7\u00e3o para outra ag\u00eancia ou posto de atendimento banc\u00e1rio.<\/p>\n<p>\u201cVamos conversar sobre os detalhes da abrang\u00eancia desta conquista\u201d, adiantou Gustavo Tabatinga, secret\u00e1rio de Pol\u00edticas Sindicais da Confedera\u00e7\u00e3o Nacional dos Trabalhadores do Ramo Financeiro (Contraf-CUT) e coordenador da mesa de negocia\u00e7\u00f5es.<\/p>\n<p><strong>Fonte: Contraf-CUT<\/strong><\/p>\n","protected":false},"excerpt":{"rendered":"<p>Abrang\u00eancia das altera\u00e7\u00f5es na CCT estar\u00e3o em pauta; v\u00edtimas de extors\u00e3o tamb\u00e9m ter\u00e3o a possibilidade de realoca\u00e7\u00e3o A Comiss\u00e3o Bipartite de Seguran\u00e7a Banc\u00e1ria, composta por representantes dos banc\u00e1rios e dos bancos, se re\u00fane nesta quinta-feira (30), a partir das 15h, em S\u00e3o Paulo, para dar continuidade \u00e0s negocia\u00e7\u00f5es sobre poss\u00edveis altera\u00e7\u00f5es na Conven\u00e7\u00e3o Coletiva de [&hellip;]<\/p>\n","protected":false},"author":2,"featured_media":3452,"comment_status":"","ping_status":"","sticky":false,"template":"","format":"standard","meta":{"footnotes":""},"categories":[3],"tags":[],"class_list":["post-3453","post","type-post","status-publish","format-standard","has-post-thumbnail","hentry","category-noticias"],"_links":{"self":[{"href":"https:\/\/hostnetart.com.br\/baixada\/wp-json\/wp\/v2\/posts\/3453","targetHints":{"allow":["GET"]}}],"collection":[{"href":"https:\/\/hostnetart.com.br\/baixada\/wp-json\/wp\/v2\/posts"}],"about":[{"href":"https:\/\/hostnetart.com.br\/baixada\/wp-json\/wp\/v2\/types\/post"}],"author":[{"embeddable":true,"href":"https:\/\/hostnetart.com.br\/baixada\/wp-json\/wp\/v2\/users\/2"}],"replies":[{"embeddable":true,"href":"https:\/\/hostnetart.com.br\/baixada\/wp-json\/wp\/v2\/comments?post=3453"}],"version-history":[{"count":0,"href":"https:\/\/hostnetart.com.br\/baixada\/wp-json\/wp\/v2\/posts\/3453\/revisions"}],"wp:featuredmedia":[{"embeddable":true,"href":"https:\/\/hostnetart.com.br\/baixada\/wp-json\/wp\/v2\/media\/3452"}],"wp:attachment":[{"href":"https:\/\/hostnetart.com.br\/baixada\/wp-json\/wp\/v2\/media?parent=3453"}],"wp:term":[{"taxonomy":"category","embeddable":true,"href":"https:\/\/hostnetart.com.br\/baixada\/wp-json\/wp\/v2\/categories?post=3453"},{"taxonomy":"post_tag","embeddable":true,"href":"https:\/\/hostnetart.com.br\/baixada\/wp-json\/wp\/v2\/tags?post=3453"}],"curies":[{"name":"wp","href":"https:\/\/api.w.org\/{rel}","templated":true}]}}