{"id":3451,"date":"2017-11-30T15:55:17","date_gmt":"2017-11-30T17:55:17","guid":{"rendered":"https:\/\/hostnetart.com.br\/baixada\/sete-gerentes-gerais-do-bb-sao-descomissionados-no-es\/"},"modified":"2017-11-30T15:55:17","modified_gmt":"2017-11-30T17:55:17","slug":"sete-gerentes-gerais-do-bb-sao-descomissionados-no-es","status":"publish","type":"post","link":"https:\/\/hostnetart.com.br\/baixada\/sete-gerentes-gerais-do-bb-sao-descomissionados-no-es\/","title":{"rendered":"Sete gerentes gerais do BB s\u00e3o descomissionados no ES"},"content":{"rendered":"<div class=\"content\">\n<p>Menos de duas semanas ap\u00f3s a reforma trabalhistas ter entrado em vigor, sete gerentes gerais do Banco do Brasil foram surpreendidos nesta quarta-feira (29), com a not\u00edcia de descomissionamento, uma postura arbitr\u00e1ria e autorit\u00e1ria do banco. A superintend\u00eancia do BB n\u00e3o explicou os crit\u00e9rios adotados para essa decis\u00e3o, muito menos dialogou com os funcion\u00e1rios descomissionados, o que intensificou a inseguran\u00e7a entre os banc\u00e1rios e banc\u00e1rias.<\/p>\n<p>\u201cAl\u00e9m do desrespeito e constrangimento, essa medida causa um forte impacto emocional gerando medo e inseguran\u00e7a e, consequentemente, o adoecimento dos banc\u00e1rios. Uma situa\u00e7\u00e3o bastante contradit\u00f3ria exatamente no ano em que o banco lan\u00e7ou um programa voltado para a excel\u00eancia no atendimento\u201d, aponta Evelyn Flores, diretora do Sindibanc\u00e1rios\/ES.<\/p>\n<p>Para Goretti Barone, diretora do Sindibanc\u00e1rios\/ES, al\u00e9m das mudan\u00e7as via reforma trabalhista, essa decis\u00e3o aumenta a incid\u00eancia do ass\u00e9dio moral sobre os banc\u00e1rios. \u201cO descomissionamento desses gerentes gerais est\u00e1 afetando um total de sete ag\u00eancias, o que representa quase 10% do quadro de gestores do banco no Estado. A medida tamb\u00e9m resultou num clima de estresse e instabilidade entre os funcion\u00e1rios do Banco do Brasil no Estado todo\u201d, comenta Goretti Barone.<\/p>\n<p>A diretora pede que os funcion\u00e1rios mantenham a calma, pois o Sindibanc\u00e1rios\/ES est\u00e1 apurando os fatos para verificar se os comissionamentos ocorreram em n\u00edvel regional e nacional e tamb\u00e9m para adotar as devidas provid\u00eancias jur\u00eddicas e pol\u00edticas cab\u00edveis.<\/p>\n<p><em><strong>Saldos da reestrutura\u00e7\u00e3o<\/strong><\/em><\/p>\n<p>Em setembro deste ano, dez gerentes de ag\u00eancias banc\u00e1rias de S\u00e3o Paulo foram descomissionados. A medida foi tomada pela Superintend\u00eancia Capital e as regionais, com aval da Gepes (Gest\u00e3o de Pessoas). A diretoria do Sindicato de S\u00e3o Paulo classificou a postura do banco como \u201cuma pol\u00edtica de terror\u201d, que permanece mesmo ap\u00f3s a reestrutura\u00e7\u00e3o pela qual passou o banco, h\u00e1 cerca de seis meses.<\/p>\n<p>Nacionalmente, a inten\u00e7\u00e3o do banco \u00e9 reduzir 18 mil funcion\u00e1rios at\u00e9 o fim de 2018 \u2013 meta parcialmente alcan\u00e7ada com o lan\u00e7amento do Plano de Aposentaria Volunt\u00e1ria, ainda no in\u00edcio de 2017. Em Vit\u00f3ria, foram fechadas as ag\u00eancias Rio Branco e Moscoso. Os clientes dessas unidades foram transferidos sem consulta pr\u00e9via para as ag\u00eancias mais pr\u00f3ximas ou para ag\u00eancias digitais. Antes mesmo dessa reestrutura\u00e7\u00e3o j\u00e1 haviam sido fechadas as ag\u00eancias Vale e Praia do Su\u00e1.<\/p>\n<\/div>\n<p>\u00a0<\/p>\n<p id=\"page-author\"><strong>Fonte: SindiBanc\u00e1rios\/ES<\/strong><\/p>\n","protected":false},"excerpt":{"rendered":"<p>Menos de duas semanas ap\u00f3s a reforma trabalhistas ter entrado em vigor, sete gerentes gerais do Banco do Brasil foram surpreendidos nesta quarta-feira (29), com a not\u00edcia de descomissionamento, uma postura arbitr\u00e1ria e autorit\u00e1ria do banco. A superintend\u00eancia do BB n\u00e3o explicou os crit\u00e9rios adotados para essa decis\u00e3o, muito menos dialogou com os funcion\u00e1rios descomissionados, [&hellip;]<\/p>\n","protected":false},"author":2,"featured_media":3450,"comment_status":"","ping_status":"","sticky":false,"template":"","format":"standard","meta":{"footnotes":""},"categories":[3],"tags":[],"class_list":["post-3451","post","type-post","status-publish","format-standard","has-post-thumbnail","hentry","category-noticias"],"_links":{"self":[{"href":"https:\/\/hostnetart.com.br\/baixada\/wp-json\/wp\/v2\/posts\/3451","targetHints":{"allow":["GET"]}}],"collection":[{"href":"https:\/\/hostnetart.com.br\/baixada\/wp-json\/wp\/v2\/posts"}],"about":[{"href":"https:\/\/hostnetart.com.br\/baixada\/wp-json\/wp\/v2\/types\/post"}],"author":[{"embeddable":true,"href":"https:\/\/hostnetart.com.br\/baixada\/wp-json\/wp\/v2\/users\/2"}],"replies":[{"embeddable":true,"href":"https:\/\/hostnetart.com.br\/baixada\/wp-json\/wp\/v2\/comments?post=3451"}],"version-history":[{"count":0,"href":"https:\/\/hostnetart.com.br\/baixada\/wp-json\/wp\/v2\/posts\/3451\/revisions"}],"wp:featuredmedia":[{"embeddable":true,"href":"https:\/\/hostnetart.com.br\/baixada\/wp-json\/wp\/v2\/media\/3450"}],"wp:attachment":[{"href":"https:\/\/hostnetart.com.br\/baixada\/wp-json\/wp\/v2\/media?parent=3451"}],"wp:term":[{"taxonomy":"category","embeddable":true,"href":"https:\/\/hostnetart.com.br\/baixada\/wp-json\/wp\/v2\/categories?post=3451"},{"taxonomy":"post_tag","embeddable":true,"href":"https:\/\/hostnetart.com.br\/baixada\/wp-json\/wp\/v2\/tags?post=3451"}],"curies":[{"name":"wp","href":"https:\/\/api.w.org\/{rel}","templated":true}]}}