{"id":3449,"date":"2017-11-30T11:13:17","date_gmt":"2017-11-30T13:13:17","guid":{"rendered":"https:\/\/hostnetart.com.br\/baixada\/itau-e-condenado-a-reintegrar-bancaria\/"},"modified":"2017-11-30T11:13:17","modified_gmt":"2017-11-30T13:13:17","slug":"itau-e-condenado-a-reintegrar-bancaria","status":"publish","type":"post","link":"https:\/\/hostnetart.com.br\/baixada\/itau-e-condenado-a-reintegrar-bancaria\/","title":{"rendered":"Ita\u00fa \u00e9 condenado a reintegrar banc\u00e1ria"},"content":{"rendered":"<div class=\"content\">\n<p>Nesta segunda-feira (27), o Juiz Substituto da 6\u00ba Vara do Trabalho de Jo\u00e3o Pessoa, Alb\u00e9rico Viana Bezerra, condenou o Banco Ita\u00fa Unibanco a reintegrar definitivamente a banc\u00e1ria Ana Leda Lima Rodrigues. Na senten\u00e7a, o magistrado tamb\u00e9m condenou o banco a pagar uma indeniza\u00e7\u00e3o no valor de R$ 520 mil por danos morais e materiais.<\/p>\n<p>A banc\u00e1ria, que \u00e9 portadora de doen\u00e7a ocupacional, foi demitida em dezembro de 2015 e reintegrada por for\u00e7a de medida judicial, permanecendo de licen\u00e7a para tratamento de sa\u00fade at\u00e9 2016. Quando voltou ao trabalho, Ana Leda passou a ser sistematicamente perseguida pelo Banco, que tentava de todas as formas forjar uma justa causa para se livrar da funcion\u00e1ria.<\/p>\n<p>Apesar de trabalhar normalmente durante tr\u00eas meses, o Banco n\u00e3o permitia que a funcion\u00e1ria batesse o ponto e ainda suspendeu o pagamento de seus proventos, fato que a fez recorrer \u00e0 via judicial para receber os sal\u00e1rios.<\/p>\n<p>Durante a tramita\u00e7\u00e3o do processo, o Ita\u00fa demitiu a banc\u00e1ria por justa causa, alegando abandono do emprego; mesmo com a funcion\u00e1ria trabalhando todos os expedientes. E, justamente por isso, o Banco foi condenado a reintegr\u00e1-la definitivamente e lhe pagar uma indeniza\u00e7\u00e3o de mais de meio milh\u00e3o de reais.<\/p>\n<p>Para Lindonjhonson Almeida, secret\u00e1rio de assuntos jur\u00eddicos do Sindicato, essa decis\u00e3o judicial \u00e9 mais uma vit\u00f3ria dos trabalhadores, principalmente da categoria profissional. \u201cAinda bem que contamos ainda com a Justi\u00e7a do Trabalho mediando conflitos e reparando as injusti\u00e7as cometidas pelos bancos, em nome do lucro pelo lucro. Al\u00e9m disso, contamos com uma parceria jur\u00eddica competente para conduzir as a\u00e7\u00f5es em defesa dos nossos representados e estamos atentos \u00e0 contumaz mesquinhez dos banqueiros para que fatos dessa natureza n\u00e3o voltem a ocorrer\u201d, concluiu.<\/p>\n<\/div>\n<p id=\"page-author\"><strong>Fonte: Seeb PB<\/strong><\/p>\n","protected":false},"excerpt":{"rendered":"<p>Nesta segunda-feira (27), o Juiz Substituto da 6\u00ba Vara do Trabalho de Jo\u00e3o Pessoa, Alb\u00e9rico Viana Bezerra, condenou o Banco Ita\u00fa Unibanco a reintegrar definitivamente a banc\u00e1ria Ana Leda Lima Rodrigues. Na senten\u00e7a, o magistrado tamb\u00e9m condenou o banco a pagar uma indeniza\u00e7\u00e3o no valor de R$ 520 mil por danos morais e materiais. A [&hellip;]<\/p>\n","protected":false},"author":2,"featured_media":3448,"comment_status":"","ping_status":"","sticky":false,"template":"","format":"standard","meta":{"footnotes":""},"categories":[3],"tags":[],"class_list":["post-3449","post","type-post","status-publish","format-standard","has-post-thumbnail","hentry","category-noticias"],"_links":{"self":[{"href":"https:\/\/hostnetart.com.br\/baixada\/wp-json\/wp\/v2\/posts\/3449","targetHints":{"allow":["GET"]}}],"collection":[{"href":"https:\/\/hostnetart.com.br\/baixada\/wp-json\/wp\/v2\/posts"}],"about":[{"href":"https:\/\/hostnetart.com.br\/baixada\/wp-json\/wp\/v2\/types\/post"}],"author":[{"embeddable":true,"href":"https:\/\/hostnetart.com.br\/baixada\/wp-json\/wp\/v2\/users\/2"}],"replies":[{"embeddable":true,"href":"https:\/\/hostnetart.com.br\/baixada\/wp-json\/wp\/v2\/comments?post=3449"}],"version-history":[{"count":0,"href":"https:\/\/hostnetart.com.br\/baixada\/wp-json\/wp\/v2\/posts\/3449\/revisions"}],"wp:featuredmedia":[{"embeddable":true,"href":"https:\/\/hostnetart.com.br\/baixada\/wp-json\/wp\/v2\/media\/3448"}],"wp:attachment":[{"href":"https:\/\/hostnetart.com.br\/baixada\/wp-json\/wp\/v2\/media?parent=3449"}],"wp:term":[{"taxonomy":"category","embeddable":true,"href":"https:\/\/hostnetart.com.br\/baixada\/wp-json\/wp\/v2\/categories?post=3449"},{"taxonomy":"post_tag","embeddable":true,"href":"https:\/\/hostnetart.com.br\/baixada\/wp-json\/wp\/v2\/tags?post=3449"}],"curies":[{"name":"wp","href":"https:\/\/api.w.org\/{rel}","templated":true}]}}