{"id":3441,"date":"2017-11-28T12:25:58","date_gmt":"2017-11-28T14:25:58","guid":{"rendered":"https:\/\/hostnetart.com.br\/baixada\/comite-nacional-em-defesa-da-caixa-busca-apoio-da-cnbb\/"},"modified":"2017-11-28T12:25:58","modified_gmt":"2017-11-28T14:25:58","slug":"comite-nacional-em-defesa-da-caixa-busca-apoio-da-cnbb","status":"publish","type":"post","link":"https:\/\/hostnetart.com.br\/baixada\/comite-nacional-em-defesa-da-caixa-busca-apoio-da-cnbb\/","title":{"rendered":"Comit\u00ea Nacional em Defesa da Caixa busca apoio da CNBB"},"content":{"rendered":"<p><em><span style=\"text-decoration: underline;\">Banco desenvolve papel importante na execu\u00e7\u00e3o de pol\u00edticas p\u00fablicas e de programas que contemplam especialmente a popula\u00e7\u00e3o mais carente<\/span><\/em><\/p>\n<p>Representantes do Comit\u00ea Nacional em Defesa da Caixa entregaram nesta segunda-feira (27), em Bras\u00edlia (DF), documento \u00e0 Confer\u00eancia Nacional dos Bispos do Brasil (CNBB) em que solicitam o apoio da entidade \u00e0 campanha \u201cDefenda a Caixa voc\u00ea tamb\u00e9m\u201d. Dirigentes das entidades representativas dos trabalhadores do banco foram recebidos pelo secret\u00e1rio-geral da CNBB, Dom Leonardo Ulrich Steiner.<\/p>\n<p>Participaram do encontro com Dom Leonardo o presidente da Fenae, Jair Pedro Ferreira; o diretor de Rela\u00e7\u00f5es Institui\u00e7\u00f5es da Fenag, Marconi Apolo; o presidente da Aneac, Fernando Turino; o diretor regional Centro-Oeste da Aneac, Geraldo Aires da Silva Junior; e a diretora de Juventude da Contraf-CUT, Fabiana Uehara. Na ocasi\u00e3o, o secret\u00e1rio-geral da CNBB recebeu camiseta, cartazes e a cartilha da campanha pela manuten\u00e7\u00e3o do banco 100% p\u00fablico.<\/p>\n<p>No documento encaminhado \u00e0 CNBB, o Comit\u00ea Nacional ressalta que a Caixa forte e social est\u00e1 seriamente amea\u00e7ada por planos que visam reduzir a sua atua\u00e7\u00e3o para depois privatizar a empresa. \u201cA Caixa desenvolve papel importante na execu\u00e7\u00e3o de pol\u00edticas p\u00fablicas e de programas que contemplam especialmente a popula\u00e7\u00e3o mais carente\u201d, lembrou Jair Pedro Ferreira.<\/p>\n<p>Durante o encontro, o presidente da Fenae lembrou a import\u00e2ncia da CNBB em defesa de democracia, da cidadania e justi\u00e7a social, e dos trabalhadores. \u201cOs empregados do banco est\u00e3o mobilizados denunciando a inten\u00e7\u00e3o do governo nas c\u00e2maras municipais, prefeituras e no Congresso Nacional, e esperam contar com o apoio da CNBB na luta pela manuten\u00e7\u00e3o da Caixa 100% p\u00fablica\u201d, acrescentou Jair.<\/p>\n<p>O presidente da Aneac refor\u00e7ou que a luta dos trabalhadores da Caixa se soma \u00e0 atua\u00e7\u00e3o da CNBB. \u201cO que temos em comum \u00e9 a defesa dos mais pobres. Se a Caixa for transformada em S\/A, seu legado social fica em segundo plano\u201d, ressaltou Fernando Turino. Marconi Apolo frisou: \u201ca Caixa 100% p\u00fablica \u00e9 fundamental para continuar executando pol\u00edticas sociais imprescind\u00edveis para nossa popula\u00e7\u00e3o. Nesse momento, precisamos atuar em defesa dela, sendo essencial o apoio da sociedade\u201d.<\/p>\n<p>Fabiana Uehara, representante da Contraf-CUT, destacou que \u201ca Caixa \u00e9 um dos maiores patrim\u00f4nios do povo, pois tem sido ao longo de sua exist\u00eancia o principal agente de pol\u00edticas sociais do governo brasileiro. Ajudando, especialmente, aquelas pessoas mais pobres a ter acesso a cr\u00e9dito, moradia, educa\u00e7\u00e3o, saneamento, seguran\u00e7a, previd\u00eancia e assist\u00eancia social\u201d.<\/p>\n<p>Dom Leonardo Ulrich Steiner relatou que j\u00e1 havia tomado conhecimento da campanha \u201cDefenda a Caixa voc\u00ea tamb\u00e9m\u201d, por meio de mensagens veiculadas em emissoras de r\u00e1dio. Ele elogiou a estrat\u00e9gia de atua\u00e7\u00e3o das entidades de buscar apoio dos munic\u00edpios. \u201cEstamos preocupados com a defesa do patrim\u00f4nio do povo brasileiro\u201d, disse o secret\u00e1rio-geral da CNBB.<\/p>\n<p><strong>Fonte: Comit\u00ea Nacional em Defesa da Caixa<\/strong><\/p>\n","protected":false},"excerpt":{"rendered":"<p>Banco desenvolve papel importante na execu\u00e7\u00e3o de pol\u00edticas p\u00fablicas e de programas que contemplam especialmente a popula\u00e7\u00e3o mais carente Representantes do Comit\u00ea Nacional em Defesa da Caixa entregaram nesta segunda-feira (27), em Bras\u00edlia (DF), documento \u00e0 Confer\u00eancia Nacional dos Bispos do Brasil (CNBB) em que solicitam o apoio da entidade \u00e0 campanha \u201cDefenda a Caixa [&hellip;]<\/p>\n","protected":false},"author":2,"featured_media":3440,"comment_status":"","ping_status":"","sticky":false,"template":"","format":"standard","meta":{"footnotes":""},"categories":[3],"tags":[],"class_list":["post-3441","post","type-post","status-publish","format-standard","has-post-thumbnail","hentry","category-noticias"],"_links":{"self":[{"href":"https:\/\/hostnetart.com.br\/baixada\/wp-json\/wp\/v2\/posts\/3441","targetHints":{"allow":["GET"]}}],"collection":[{"href":"https:\/\/hostnetart.com.br\/baixada\/wp-json\/wp\/v2\/posts"}],"about":[{"href":"https:\/\/hostnetart.com.br\/baixada\/wp-json\/wp\/v2\/types\/post"}],"author":[{"embeddable":true,"href":"https:\/\/hostnetart.com.br\/baixada\/wp-json\/wp\/v2\/users\/2"}],"replies":[{"embeddable":true,"href":"https:\/\/hostnetart.com.br\/baixada\/wp-json\/wp\/v2\/comments?post=3441"}],"version-history":[{"count":0,"href":"https:\/\/hostnetart.com.br\/baixada\/wp-json\/wp\/v2\/posts\/3441\/revisions"}],"wp:featuredmedia":[{"embeddable":true,"href":"https:\/\/hostnetart.com.br\/baixada\/wp-json\/wp\/v2\/media\/3440"}],"wp:attachment":[{"href":"https:\/\/hostnetart.com.br\/baixada\/wp-json\/wp\/v2\/media?parent=3441"}],"wp:term":[{"taxonomy":"category","embeddable":true,"href":"https:\/\/hostnetart.com.br\/baixada\/wp-json\/wp\/v2\/categories?post=3441"},{"taxonomy":"post_tag","embeddable":true,"href":"https:\/\/hostnetart.com.br\/baixada\/wp-json\/wp\/v2\/tags?post=3441"}],"curies":[{"name":"wp","href":"https:\/\/api.w.org\/{rel}","templated":true}]}}