{"id":3431,"date":"2017-11-28T10:52:10","date_gmt":"2017-11-28T12:52:10","guid":{"rendered":"https:\/\/hostnetart.com.br\/baixada\/contraf-cut-apoia-projetos-sociais-do-comite-betinho\/"},"modified":"2017-11-28T10:52:10","modified_gmt":"2017-11-28T12:52:10","slug":"contraf-cut-apoia-projetos-sociais-do-comite-betinho","status":"publish","type":"post","link":"https:\/\/hostnetart.com.br\/baixada\/contraf-cut-apoia-projetos-sociais-do-comite-betinho\/","title":{"rendered":"Contraf-CUT apoia projetos sociais do Comit\u00ea Betinho"},"content":{"rendered":"<p><em><span style=\"text-decoration: underline;\">A entidade capta e repassa integralmente os recursos doados a ele para diversos projetos sociais<\/span><\/em><\/p>\n<p>A Confedera\u00e7\u00e3o Nacional dos Trabalhadores do Ramo Financeiro (Contraf-CUT) apoia os projetos de solidariedade e cidadania do Comit\u00ea Betinho. A entidade capta e repassa integralmente os recursos doados a ele para diversos projetos sociais, como Cisterna escolar, Brinquedotecas, Crian\u00e7a e adolescente, Educa\u00e7\u00e3o e profissionaliza\u00e7\u00e3o, Natal sem fome e com livros, entre outros.<\/p>\n<p>Por meio de doa\u00e7\u00f5es de diversos banc\u00e1rios, a entidade consegue auxiliar organiza\u00e7\u00f5es assistenciais na instala\u00e7\u00e3o de projetos que propiciam forma\u00e7\u00e3o profissional para a gera\u00e7\u00e3o de emprego e renda. No entanto, seu projeto mais arrojado \u00e9 a constru\u00e7\u00e3o de cisternas no agreste e sert\u00e3o nordestino.<\/p>\n<p>\u201cOs banc\u00e1rios n\u00e3o s\u00e3o s\u00f3 uma categoria de mobiliza\u00e7\u00e3o e luta, s\u00e3o tamb\u00e9m trabalhadores cheios de solidariedade. Esta \u00e9 uma causa que nos orgulhamos por apoiar\u201d, salientou o presidente da Contraf-CUT, Roberto von der Osten.<\/p>\n<p>O Comit\u00ea Betinho foi fundado por funcion\u00e1rios do antigo Banespa (hoje controlado pelo Santander) em 1993 \u2013 inspirado na A\u00e7\u00e3o da Cidadania contra a Fome, a Mis\u00e9ria e pela Vida, idealizada pelo soci\u00f3logo Herbert de Souza, o Betinho.<\/p>\n<p>As contas s\u00e3o auditadas pela Sacho Auditores e o trabalho da diretoria \u00e9 volunt\u00e1rio. Os interessados em investir nesta ideia podem clicar aqui e escolher o melhor banco para fazer a doa\u00e7\u00e3o.<\/p>\n<p><strong>Fonte: Contraf-CUT<\/strong><\/p>\n","protected":false},"excerpt":{"rendered":"<p>A entidade capta e repassa integralmente os recursos doados a ele para diversos projetos sociais A Confedera\u00e7\u00e3o Nacional dos Trabalhadores do Ramo Financeiro (Contraf-CUT) apoia os projetos de solidariedade e cidadania do Comit\u00ea Betinho. A entidade capta e repassa integralmente os recursos doados a ele para diversos projetos sociais, como Cisterna escolar, Brinquedotecas, Crian\u00e7a e [&hellip;]<\/p>\n","protected":false},"author":2,"featured_media":3430,"comment_status":"","ping_status":"","sticky":false,"template":"","format":"standard","meta":{"footnotes":""},"categories":[3],"tags":[],"class_list":["post-3431","post","type-post","status-publish","format-standard","has-post-thumbnail","hentry","category-noticias"],"_links":{"self":[{"href":"https:\/\/hostnetart.com.br\/baixada\/wp-json\/wp\/v2\/posts\/3431","targetHints":{"allow":["GET"]}}],"collection":[{"href":"https:\/\/hostnetart.com.br\/baixada\/wp-json\/wp\/v2\/posts"}],"about":[{"href":"https:\/\/hostnetart.com.br\/baixada\/wp-json\/wp\/v2\/types\/post"}],"author":[{"embeddable":true,"href":"https:\/\/hostnetart.com.br\/baixada\/wp-json\/wp\/v2\/users\/2"}],"replies":[{"embeddable":true,"href":"https:\/\/hostnetart.com.br\/baixada\/wp-json\/wp\/v2\/comments?post=3431"}],"version-history":[{"count":0,"href":"https:\/\/hostnetart.com.br\/baixada\/wp-json\/wp\/v2\/posts\/3431\/revisions"}],"wp:featuredmedia":[{"embeddable":true,"href":"https:\/\/hostnetart.com.br\/baixada\/wp-json\/wp\/v2\/media\/3430"}],"wp:attachment":[{"href":"https:\/\/hostnetart.com.br\/baixada\/wp-json\/wp\/v2\/media?parent=3431"}],"wp:term":[{"taxonomy":"category","embeddable":true,"href":"https:\/\/hostnetart.com.br\/baixada\/wp-json\/wp\/v2\/categories?post=3431"},{"taxonomy":"post_tag","embeddable":true,"href":"https:\/\/hostnetart.com.br\/baixada\/wp-json\/wp\/v2\/tags?post=3431"}],"curies":[{"name":"wp","href":"https:\/\/api.w.org\/{rel}","templated":true}]}}