{"id":3429,"date":"2017-11-27T16:09:41","date_gmt":"2017-11-27T18:09:41","guid":{"rendered":"https:\/\/hostnetart.com.br\/baixada\/ato-em-brasilia-pede-manutencao-da-caixa-100-publica\/"},"modified":"2017-11-27T16:09:41","modified_gmt":"2017-11-27T18:09:41","slug":"ato-em-brasilia-pede-manutencao-da-caixa-100-publica","status":"publish","type":"post","link":"https:\/\/hostnetart.com.br\/baixada\/ato-em-brasilia-pede-manutencao-da-caixa-100-publica\/","title":{"rendered":"Ato em Bras\u00edlia pede manuten\u00e7\u00e3o da Caixa 100% p\u00fablica"},"content":{"rendered":"<p>A Confedera\u00e7\u00e3o Nacional dos Trabalhadores do Ramo Financeiro (Contraf-CUT), a Federa\u00e7\u00e3o Nacional das Associa\u00e7\u00f5es de Pessoa da Caixa (Fenae) e demais entidades que comp\u00f5em o Comit\u00ea Nacional em Defesa da Caixa realizar\u00e3o na ter\u00e7a-feira (28) um ato em frente \u00e0 matriz da Caixa, em Bras\u00edlia, para mobilizar os empregados na luta pela manuten\u00e7\u00e3o do car\u00e1ter 100% p\u00fablico do banco. A atividade ter\u00e1 in\u00edcio \u00e0s 11h.<\/p>\n<p>\u201cMais do que defender os empregados da Caixa, nossa inten\u00e7\u00e3o \u00e9 defender o banco enquanto institui\u00e7\u00e3o que atende as demandas da popula\u00e7\u00e3o, principalmente com financiamentos para a constru\u00e7\u00e3o de moradias populares. O governo Temer, est\u00e1 promovendo diversas mudan\u00e7as na Caixa e retirando capital do banco, o que praticamente impede investimentos da Caixa em habita\u00e7\u00e3o e em outras \u00e1reas sociais\u201d, explicou Fabiana Uehara Proscholdt, secret\u00e1ria de Juventude da Contraf-CUT e funcion\u00e1ria da Caixa.<\/p>\n<p>\u201cA Caixa \u00e9 um banco lucrativo e altamente eficiente. O verdadeiro desmonte que o governo Temer est\u00e1 promovendo na Caixa tem o claro objetivo de torn\u00e1-la menos eficiente no atendimento \u00e0 popula\u00e7\u00e3o e na execu\u00e7\u00e3o das pol\u00edticas p\u00fablicas, principalmente \u00e0s voltadas \u00e0 \u00e1rea habitacional. Assim, quando colocar em pr\u00e1tica seu plano de privatiza\u00e7\u00e3o do banco, haver\u00e1 menos reclama\u00e7\u00f5es e muita gente ainda far\u00e1 coro dizendo \u2018tem que privatizar mesmo\u2019. O que o governo quer \u00e9 prejudicar a imagem do banco. Temos que nos unir na defesa da Caixa 100% p\u00fablica\u201d completou a dirigente sindical.<\/p>\n<p><strong>Fonte: Contraf-CUT<\/strong><\/p>\n","protected":false},"excerpt":{"rendered":"<p>A Confedera\u00e7\u00e3o Nacional dos Trabalhadores do Ramo Financeiro (Contraf-CUT), a Federa\u00e7\u00e3o Nacional das Associa\u00e7\u00f5es de Pessoa da Caixa (Fenae) e demais entidades que comp\u00f5em o Comit\u00ea Nacional em Defesa da Caixa realizar\u00e3o na ter\u00e7a-feira (28) um ato em frente \u00e0 matriz da Caixa, em Bras\u00edlia, para mobilizar os empregados na luta pela manuten\u00e7\u00e3o do car\u00e1ter [&hellip;]<\/p>\n","protected":false},"author":2,"featured_media":3428,"comment_status":"","ping_status":"","sticky":false,"template":"","format":"standard","meta":{"footnotes":""},"categories":[3],"tags":[],"class_list":["post-3429","post","type-post","status-publish","format-standard","has-post-thumbnail","hentry","category-noticias"],"_links":{"self":[{"href":"https:\/\/hostnetart.com.br\/baixada\/wp-json\/wp\/v2\/posts\/3429","targetHints":{"allow":["GET"]}}],"collection":[{"href":"https:\/\/hostnetart.com.br\/baixada\/wp-json\/wp\/v2\/posts"}],"about":[{"href":"https:\/\/hostnetart.com.br\/baixada\/wp-json\/wp\/v2\/types\/post"}],"author":[{"embeddable":true,"href":"https:\/\/hostnetart.com.br\/baixada\/wp-json\/wp\/v2\/users\/2"}],"replies":[{"embeddable":true,"href":"https:\/\/hostnetart.com.br\/baixada\/wp-json\/wp\/v2\/comments?post=3429"}],"version-history":[{"count":0,"href":"https:\/\/hostnetart.com.br\/baixada\/wp-json\/wp\/v2\/posts\/3429\/revisions"}],"wp:featuredmedia":[{"embeddable":true,"href":"https:\/\/hostnetart.com.br\/baixada\/wp-json\/wp\/v2\/media\/3428"}],"wp:attachment":[{"href":"https:\/\/hostnetart.com.br\/baixada\/wp-json\/wp\/v2\/media?parent=3429"}],"wp:term":[{"taxonomy":"category","embeddable":true,"href":"https:\/\/hostnetart.com.br\/baixada\/wp-json\/wp\/v2\/categories?post=3429"},{"taxonomy":"post_tag","embeddable":true,"href":"https:\/\/hostnetart.com.br\/baixada\/wp-json\/wp\/v2\/tags?post=3429"}],"curies":[{"name":"wp","href":"https:\/\/api.w.org\/{rel}","templated":true}]}}