{"id":3427,"date":"2017-11-27T16:07:48","date_gmt":"2017-11-27T18:07:48","guid":{"rendered":"https:\/\/hostnetart.com.br\/baixada\/greve-nacional-brasil-vai-parar-no-dia-5-de-dezembro\/"},"modified":"2017-11-27T16:07:48","modified_gmt":"2017-11-27T18:07:48","slug":"greve-nacional-brasil-vai-parar-no-dia-5-de-dezembro","status":"publish","type":"post","link":"https:\/\/hostnetart.com.br\/baixada\/greve-nacional-brasil-vai-parar-no-dia-5-de-dezembro\/","title":{"rendered":"Greve Nacional: Brasil vai parar no dia 5 de dezembro"},"content":{"rendered":"<p><em><span style=\"text-decoration: underline;\">Trabalhadores v\u00e3o \u00e0s ruas em defesa dos direitos e contra as reformas golpistas<\/span><\/em><\/p>\n<p>A Confedera\u00e7\u00e3o Nacional dos Trabalhadores do Ramo Financeiro (Contraf-CUT), a Central \u00danica dos Trabalhadores (CUT) e demais centrais decidiram realizar, no dia 5 de dezembro, uma Greve Nacional em Defesa da Previd\u00eancia e dos Direitos.<\/p>\n<p>A nova proposta de desmonte da Previd\u00eancia Social apresentada pelo governo do ileg\u00edtimo Michel Temer (PMDB-SP) e que deve ser votada no dia 6 de dezembro, \u00e9 mais perversa que a anterior. E, ao contr\u00e1rio da propaganda do governo, n\u00e3o corta privil\u00e9gios, como as altas aposentadorias dos parlamentares, ataca apenas a classe trabalhadora que ter\u00e1 de trabalhar mais, ganhar menos e, se quiser receber o valor integral da aposentadoria, contribuir durante 40 anos, sem ficar nenhum per\u00edodo desempregado.<\/p>\n<p>Para o presidente da Contraf-CUT, Roberto von der Osten, as propostas do governo ileg\u00edtimo servem apenas para aumentar ainda mais a concentra\u00e7\u00e3o de renda nas m\u00e3os da pequena parcela mais rica de nossas popula\u00e7\u00f5es, enquanto a grande maioria sobrevive em p\u00e9ssimas condi\u00e7\u00f5es de vida. \u201c\u00c9 por isso que precisamos, juntos, fazer uma grande greve nacional e cruzar os bra\u00e7os contra o desmonte e o ataque \u00e0 democracia que v\u00eam acontecendo no Brasil\u201d, afirmou o presidente da Contraf-CUT.<\/p>\n<p>O presidente da CUT, Vagner Freitas, acredita que o desmonte da Previd\u00eancia agrava ainda mais a situa\u00e7\u00e3o dos trabalhadores que j\u00e1 foram duramente atacados com o desmonte da CLT. \u201cA reforma Trabalhista legalizou o bico e muitos trabalhadores perderam os direitos e, em muitos casos, receber\u00e3o menos do que um sal\u00e1rio m\u00ednimo. Se j\u00e1 estava quase imposs\u00edvel contribuir para se aposentar, imagine com essa nova proposta de reforma da Previd\u00eancia\u201d, diz Vagner. <\/p>\n<p>O secret\u00e1rio-Geral da CUT, S\u00e9rgio Nobre, lembra que a reforma Trabalhista pode ficar ainda pior, tendo em vista as mais de 800 emendas apresentadas \u00e0 MP de Temer que altera a nova lei trabalhista aprovada este ano. \u201cImagine somar a essa trag\u00e9dia a possibilidade de trabalhar a vida inteira e n\u00e3o se aposentar\u201d.<\/p>\n<p>\u00c9 por isso que a greve nacional deve contar com o apoio, mobiliza\u00e7\u00e3o e participa\u00e7\u00e3o de todos\/as trabalhadores\/as. \u201cTodo brasileiro independentemente da categoria tem motivo de sobra para cruzar os bra\u00e7os e ir \u00e0s ruas no dia 5 de dezembro. Todos sofremos com o desmonte da previd\u00eancia\u201d, argumenta S\u00e9rgio.<\/p>\n<p>A partir da semana que vem, diz S\u00e9rgio, vamos realizar amplas mobiliza\u00e7\u00f5es nas bases \u2013 assembleias, atos, debates e outras atividades \u2013 para alertar, informa e mobilizar a classe trabalhadora do Pa\u00eds sobre a import\u00e2ncia da participa\u00e7\u00e3o na greve que \u00e9 contra a reforma da Previd\u00eancia Social e pelos direitos.<\/p>\n<p><strong>Fonte: Contraf-CUT<\/strong><\/p>\n","protected":false},"excerpt":{"rendered":"<p>Trabalhadores v\u00e3o \u00e0s ruas em defesa dos direitos e contra as reformas golpistas A Confedera\u00e7\u00e3o Nacional dos Trabalhadores do Ramo Financeiro (Contraf-CUT), a Central \u00danica dos Trabalhadores (CUT) e demais centrais decidiram realizar, no dia 5 de dezembro, uma Greve Nacional em Defesa da Previd\u00eancia e dos Direitos. A nova proposta de desmonte da Previd\u00eancia [&hellip;]<\/p>\n","protected":false},"author":2,"featured_media":3426,"comment_status":"","ping_status":"","sticky":false,"template":"","format":"standard","meta":{"footnotes":""},"categories":[3],"tags":[],"class_list":["post-3427","post","type-post","status-publish","format-standard","has-post-thumbnail","hentry","category-noticias"],"_links":{"self":[{"href":"https:\/\/hostnetart.com.br\/baixada\/wp-json\/wp\/v2\/posts\/3427","targetHints":{"allow":["GET"]}}],"collection":[{"href":"https:\/\/hostnetart.com.br\/baixada\/wp-json\/wp\/v2\/posts"}],"about":[{"href":"https:\/\/hostnetart.com.br\/baixada\/wp-json\/wp\/v2\/types\/post"}],"author":[{"embeddable":true,"href":"https:\/\/hostnetart.com.br\/baixada\/wp-json\/wp\/v2\/users\/2"}],"replies":[{"embeddable":true,"href":"https:\/\/hostnetart.com.br\/baixada\/wp-json\/wp\/v2\/comments?post=3427"}],"version-history":[{"count":0,"href":"https:\/\/hostnetart.com.br\/baixada\/wp-json\/wp\/v2\/posts\/3427\/revisions"}],"wp:featuredmedia":[{"embeddable":true,"href":"https:\/\/hostnetart.com.br\/baixada\/wp-json\/wp\/v2\/media\/3426"}],"wp:attachment":[{"href":"https:\/\/hostnetart.com.br\/baixada\/wp-json\/wp\/v2\/media?parent=3427"}],"wp:term":[{"taxonomy":"category","embeddable":true,"href":"https:\/\/hostnetart.com.br\/baixada\/wp-json\/wp\/v2\/categories?post=3427"},{"taxonomy":"post_tag","embeddable":true,"href":"https:\/\/hostnetart.com.br\/baixada\/wp-json\/wp\/v2\/tags?post=3427"}],"curies":[{"name":"wp","href":"https:\/\/api.w.org\/{rel}","templated":true}]}}