{"id":3425,"date":"2017-11-27T16:06:30","date_gmt":"2017-11-27T18:06:30","guid":{"rendered":"https:\/\/hostnetart.com.br\/baixada\/comissao-bipartite-de-saude-discute-politicas-de-prevencao-com-fenaban-dia-28\/"},"modified":"2017-11-27T16:06:30","modified_gmt":"2017-11-27T18:06:30","slug":"comissao-bipartite-de-saude-discute-politicas-de-prevencao-com-fenaban-dia-28","status":"publish","type":"post","link":"https:\/\/hostnetart.com.br\/baixada\/comissao-bipartite-de-saude-discute-politicas-de-prevencao-com-fenaban-dia-28\/","title":{"rendered":"Comiss\u00e3o Bipartite de Sa\u00fade discute pol\u00edticas de preven\u00e7\u00e3o com Fenaban, dia 28"},"content":{"rendered":"<p>A Comiss\u00e3o Bipartite de Sa\u00fade do Trabalhador da Contraf-CUT se reunir\u00e1, nesta ter\u00e7a-feira (28), \u00e0s 15h, com a Federa\u00e7\u00e3o Nacional dos Bancos (Fenaban) para discutir a elabora\u00e7\u00e3o do question\u00e1rio de avalia\u00e7\u00e3o do Programa de Controle M\u00e9dico de Sa\u00fade Ocupacional (PCMSO) e a implementa\u00e7\u00e3o imediata da investiga\u00e7\u00e3o das causas de afastamento no trabalho da categoria, al\u00e9m da cria\u00e7\u00e3o do grupo de trabalho decidida na reuni\u00e3o, realizada dia 20 de setembro. <\/p>\n<p>A negocia\u00e7\u00e3o tem o objetivo de propor pol\u00edticas de preven\u00e7\u00e3o, com transpar\u00eancia de informa\u00e7\u00f5es, que deem garantias de participa\u00e7\u00e3o aos trabalhadores e seus representantes.<\/p>\n<p>Para Walcir Previtale, secret\u00e1rio de Sa\u00fade da Contraf-CUT, \u00e9 preciso avan\u00e7ar nos debates sobre as pol\u00edticas de preven\u00e7\u00e3o. \u201c\u00c9 importante estabelecer pol\u00edticas negociadas com os trabalhadores e prever a participa\u00e7\u00e3o dos mesmos na elabora\u00e7\u00e3o dessas pol\u00edticas.\u201d<\/p>\n<p>\u00a0<\/p>\n<p><strong>Fonte: Contraf-CUT<\/strong><\/p>\n","protected":false},"excerpt":{"rendered":"<p>A Comiss\u00e3o Bipartite de Sa\u00fade do Trabalhador da Contraf-CUT se reunir\u00e1, nesta ter\u00e7a-feira (28), \u00e0s 15h, com a Federa\u00e7\u00e3o Nacional dos Bancos (Fenaban) para discutir a elabora\u00e7\u00e3o do question\u00e1rio de avalia\u00e7\u00e3o do Programa de Controle M\u00e9dico de Sa\u00fade Ocupacional (PCMSO) e a implementa\u00e7\u00e3o imediata da investiga\u00e7\u00e3o das causas de afastamento no trabalho da categoria, al\u00e9m [&hellip;]<\/p>\n","protected":false},"author":2,"featured_media":3424,"comment_status":"","ping_status":"","sticky":false,"template":"","format":"standard","meta":{"footnotes":""},"categories":[3],"tags":[],"class_list":["post-3425","post","type-post","status-publish","format-standard","has-post-thumbnail","hentry","category-noticias"],"_links":{"self":[{"href":"https:\/\/hostnetart.com.br\/baixada\/wp-json\/wp\/v2\/posts\/3425","targetHints":{"allow":["GET"]}}],"collection":[{"href":"https:\/\/hostnetart.com.br\/baixada\/wp-json\/wp\/v2\/posts"}],"about":[{"href":"https:\/\/hostnetart.com.br\/baixada\/wp-json\/wp\/v2\/types\/post"}],"author":[{"embeddable":true,"href":"https:\/\/hostnetart.com.br\/baixada\/wp-json\/wp\/v2\/users\/2"}],"replies":[{"embeddable":true,"href":"https:\/\/hostnetart.com.br\/baixada\/wp-json\/wp\/v2\/comments?post=3425"}],"version-history":[{"count":0,"href":"https:\/\/hostnetart.com.br\/baixada\/wp-json\/wp\/v2\/posts\/3425\/revisions"}],"wp:featuredmedia":[{"embeddable":true,"href":"https:\/\/hostnetart.com.br\/baixada\/wp-json\/wp\/v2\/media\/3424"}],"wp:attachment":[{"href":"https:\/\/hostnetart.com.br\/baixada\/wp-json\/wp\/v2\/media?parent=3425"}],"wp:term":[{"taxonomy":"category","embeddable":true,"href":"https:\/\/hostnetart.com.br\/baixada\/wp-json\/wp\/v2\/categories?post=3425"},{"taxonomy":"post_tag","embeddable":true,"href":"https:\/\/hostnetart.com.br\/baixada\/wp-json\/wp\/v2\/tags?post=3425"}],"curies":[{"name":"wp","href":"https:\/\/api.w.org\/{rel}","templated":true}]}}