{"id":3423,"date":"2017-11-27T16:05:19","date_gmt":"2017-11-27T18:05:19","guid":{"rendered":"https:\/\/hostnetart.com.br\/baixada\/bancos-sao-condenados-a-pagar-r-10-mi-por-pratica-abusiva-em-consignado\/"},"modified":"2017-11-27T16:05:19","modified_gmt":"2017-11-27T18:05:19","slug":"bancos-sao-condenados-a-pagar-r-10-mi-por-pratica-abusiva-em-consignado","status":"publish","type":"post","link":"https:\/\/hostnetart.com.br\/baixada\/bancos-sao-condenados-a-pagar-r-10-mi-por-pratica-abusiva-em-consignado\/","title":{"rendered":"Bancos s\u00e3o condenados a pagar R$ 10 mi por pr\u00e1tica abusiva em consignado"},"content":{"rendered":"<div class=\"content\">\n<p>Dez bancos foram condenados pela Justi\u00e7a do Rio de Janeiro por atos abusivos na cobran\u00e7a de empr\u00e9stimos consignados feitos a servidores p\u00fablicos do estado. As institui\u00e7\u00f5es descontavam as parcelas dos empr\u00e9stimos diretamente da conta corrente dos servidores.\u00a0<br \/> A atitude desrespeita as regras previstas para o cr\u00e9dito consignado, uma vez que o desconto das parcelas s\u00f3 poderia ser feito pelo empregador diretamente no contracheque do funcion\u00e1rio.\u00a0<br \/> Com a condena\u00e7\u00e3o, cada empresa ter\u00e1 de pagar R$1 milh\u00e3o por dano moral coletivo, al\u00e9m de indenizar por danos materiais e morais, e retirar o nome de dos servidores inclu\u00eddos nos cadastros de prote\u00e7\u00e3o ao cr\u00e9dito.\u00a0<br \/> Em entrevista para o portal UOL, o subcoordenador do N\u00facleo de Defesa do Consumidor da Defensoria P\u00fablica do Estado do Rio de Janeiro (DP-RJ), Eduardo Chow, afirmou que ainda h\u00e1 muitas institui\u00e7\u00f5es que infringem a lei e que a condena\u00e7\u00e3o dos infratores protege os servidores. \u201c&#8221;S\u00e3o milh\u00f5es de consumidores em todo o pa\u00eds que estavam sujeitos a essa pr\u00e1tica abusiva e que acabavam sendo penalizados duas vezes pelo mesmo fato&#8221; afirmou. &#8220;A decis\u00e3o traz uma prote\u00e7\u00e3o, especialmente nesse momento de tanta crise, em que os servidores p\u00fablicos do Rio est\u00e3o fragilizados, com os sal\u00e1rios atrasados&#8221;, disse Chow.<\/p>\n<\/div>\n<p id=\"page-author\"><strong>Fonte: Contraf-CUT<\/strong><\/p>\n","protected":false},"excerpt":{"rendered":"<p>Dez bancos foram condenados pela Justi\u00e7a do Rio de Janeiro por atos abusivos na cobran\u00e7a de empr\u00e9stimos consignados feitos a servidores p\u00fablicos do estado. As institui\u00e7\u00f5es descontavam as parcelas dos empr\u00e9stimos diretamente da conta corrente dos servidores.\u00a0 A atitude desrespeita as regras previstas para o cr\u00e9dito consignado, uma vez que o desconto das parcelas s\u00f3 [&hellip;]<\/p>\n","protected":false},"author":2,"featured_media":3422,"comment_status":"","ping_status":"","sticky":false,"template":"","format":"standard","meta":{"footnotes":""},"categories":[3],"tags":[],"class_list":["post-3423","post","type-post","status-publish","format-standard","has-post-thumbnail","hentry","category-noticias"],"_links":{"self":[{"href":"https:\/\/hostnetart.com.br\/baixada\/wp-json\/wp\/v2\/posts\/3423","targetHints":{"allow":["GET"]}}],"collection":[{"href":"https:\/\/hostnetart.com.br\/baixada\/wp-json\/wp\/v2\/posts"}],"about":[{"href":"https:\/\/hostnetart.com.br\/baixada\/wp-json\/wp\/v2\/types\/post"}],"author":[{"embeddable":true,"href":"https:\/\/hostnetart.com.br\/baixada\/wp-json\/wp\/v2\/users\/2"}],"replies":[{"embeddable":true,"href":"https:\/\/hostnetart.com.br\/baixada\/wp-json\/wp\/v2\/comments?post=3423"}],"version-history":[{"count":0,"href":"https:\/\/hostnetart.com.br\/baixada\/wp-json\/wp\/v2\/posts\/3423\/revisions"}],"wp:featuredmedia":[{"embeddable":true,"href":"https:\/\/hostnetart.com.br\/baixada\/wp-json\/wp\/v2\/media\/3422"}],"wp:attachment":[{"href":"https:\/\/hostnetart.com.br\/baixada\/wp-json\/wp\/v2\/media?parent=3423"}],"wp:term":[{"taxonomy":"category","embeddable":true,"href":"https:\/\/hostnetart.com.br\/baixada\/wp-json\/wp\/v2\/categories?post=3423"},{"taxonomy":"post_tag","embeddable":true,"href":"https:\/\/hostnetart.com.br\/baixada\/wp-json\/wp\/v2\/tags?post=3423"}],"curies":[{"name":"wp","href":"https:\/\/api.w.org\/{rel}","templated":true}]}}