{"id":3417,"date":"2017-11-24T13:51:46","date_gmt":"2017-11-24T15:51:46","guid":{"rendered":"https:\/\/hostnetart.com.br\/baixada\/temer-coloca-a-venda-empresas-de-economia-mista\/"},"modified":"2017-11-24T13:51:46","modified_gmt":"2017-11-24T15:51:46","slug":"temer-coloca-a-venda-empresas-de-economia-mista","status":"publish","type":"post","link":"https:\/\/hostnetart.com.br\/baixada\/temer-coloca-a-venda-empresas-de-economia-mista\/","title":{"rendered":"Temer coloca \u00e0 venda empresas de economia mista"},"content":{"rendered":"<p>O presidente ileg\u00edtimo Michel Temer publicou no Di\u00e1rio oficial do \u00faltimo dia 3 dia de novembro, decreto que coloca \u00e0 venda todas as empresas de economia mista. Trecho do decreto afirma que as disposi\u00e7\u00f5es previstas s\u00e3o aplicadas \u00e0s sociedades subsidi\u00e1rias e controladoras de sociedades de economia mista. <br \/> O objetivo do decreto \u00e9 acelerar a privatiza\u00e7\u00e3o da Caixa. <\/p>\n","protected":false},"excerpt":{"rendered":"<p>O presidente ileg\u00edtimo Michel Temer publicou no Di\u00e1rio oficial do \u00faltimo dia 3 dia de novembro, decreto que coloca \u00e0 venda todas as empresas de economia mista. Trecho do decreto afirma que as disposi\u00e7\u00f5es previstas s\u00e3o aplicadas \u00e0s sociedades subsidi\u00e1rias e controladoras de sociedades de economia mista. O objetivo do decreto \u00e9 acelerar a privatiza\u00e7\u00e3o [&hellip;]<\/p>\n","protected":false},"author":2,"featured_media":3416,"comment_status":"","ping_status":"","sticky":false,"template":"","format":"standard","meta":{"footnotes":""},"categories":[3],"tags":[],"class_list":["post-3417","post","type-post","status-publish","format-standard","has-post-thumbnail","hentry","category-noticias"],"_links":{"self":[{"href":"https:\/\/hostnetart.com.br\/baixada\/wp-json\/wp\/v2\/posts\/3417","targetHints":{"allow":["GET"]}}],"collection":[{"href":"https:\/\/hostnetart.com.br\/baixada\/wp-json\/wp\/v2\/posts"}],"about":[{"href":"https:\/\/hostnetart.com.br\/baixada\/wp-json\/wp\/v2\/types\/post"}],"author":[{"embeddable":true,"href":"https:\/\/hostnetart.com.br\/baixada\/wp-json\/wp\/v2\/users\/2"}],"replies":[{"embeddable":true,"href":"https:\/\/hostnetart.com.br\/baixada\/wp-json\/wp\/v2\/comments?post=3417"}],"version-history":[{"count":0,"href":"https:\/\/hostnetart.com.br\/baixada\/wp-json\/wp\/v2\/posts\/3417\/revisions"}],"wp:featuredmedia":[{"embeddable":true,"href":"https:\/\/hostnetart.com.br\/baixada\/wp-json\/wp\/v2\/media\/3416"}],"wp:attachment":[{"href":"https:\/\/hostnetart.com.br\/baixada\/wp-json\/wp\/v2\/media?parent=3417"}],"wp:term":[{"taxonomy":"category","embeddable":true,"href":"https:\/\/hostnetart.com.br\/baixada\/wp-json\/wp\/v2\/categories?post=3417"},{"taxonomy":"post_tag","embeddable":true,"href":"https:\/\/hostnetart.com.br\/baixada\/wp-json\/wp\/v2\/tags?post=3417"}],"curies":[{"name":"wp","href":"https:\/\/api.w.org\/{rel}","templated":true}]}}