{"id":3413,"date":"2017-11-23T14:32:11","date_gmt":"2017-11-23T16:32:11","guid":{"rendered":"https:\/\/hostnetart.com.br\/baixada\/coe-do-itau-define-estrategias-para-proxima-mesa-de-negociacao\/"},"modified":"2017-11-23T14:32:11","modified_gmt":"2017-11-23T16:32:11","slug":"coe-do-itau-define-estrategias-para-proxima-mesa-de-negociacao","status":"publish","type":"post","link":"https:\/\/hostnetart.com.br\/baixada\/coe-do-itau-define-estrategias-para-proxima-mesa-de-negociacao\/","title":{"rendered":"COE do Ita\u00fa define estrat\u00e9gias para pr\u00f3xima mesa de negocia\u00e7\u00e3o"},"content":{"rendered":"<p><em><span style=\"text-decoration: underline;\">Reuni\u00e3o com GT de Sa\u00fade est\u00e1 marcada para o dia 30 de novembro<\/span><\/em><\/p>\n<p>A Comiss\u00e3o de Organiza\u00e7\u00e3o dos Empregados do Ita\u00fa se reuniu, nesta quarta-feira (22), na sede da Confedera\u00e7\u00e3o Nacional dos Trabalhadores do Ramo Financeiro (Contraf-CUT), em S\u00e3o Paulo, para discutir os pontos abordados na reuni\u00e3o com o Ita\u00fa, no dia anterior (21). Dentre eles, as cl\u00e1usulas 62 e 65, emprego e a aquisi\u00e7\u00e3o do Citibank pelo banco.<\/p>\n<p>Para o coordenador da COE do Ita\u00fa, Jair Alves, \u201ca reuni\u00e3o foi importante pois debatemos sobre a realoca\u00e7\u00e3o dos empregados e sobre a implementa\u00e7\u00e3o da mesa de negocia\u00e7\u00e3o com o banco, que sempre funcionou muito bem, principalmente, na fus\u00e3o do Ita\u00fa e Unibanco em 2009.\u201d<\/p>\n<p>A ideia \u00e9 debater os temas de interesse do trabalhador na mesa de negocia\u00e7\u00e3o, quinzenalmente, para que o banco possa passar os relat\u00f3rios sobre quantidade de funcion\u00e1rios, programa e n\u00famero de realocados.<\/p>\n<p>A COE decidiu que ir\u00e1 solicitar \u00e0s federa\u00e7\u00f5es e sindicatos o levantamento em suas bases sobre o Ita\u00fa e o Citibank.<\/p>\n<p>Sobre a cl\u00e1usula 65, a COE espera o retorno do banco sobre as propostas (entregues na reuni\u00e3o com o banco) na pr\u00f3xima reuni\u00e3o com o GT de sa\u00fade, que ser\u00e1 realizada no dia 30 de novembro.<\/p>\n<p>\u201cDiscutir esses pontos em todas as mesas \u00e9 de extrema import\u00e2ncia para que possamos estar atentos nas mudan\u00e7as dentro do banco, principalmente, ap\u00f3s a reforma trabalhista\u201d, afirma Jair Alves.<\/p>\n<p>A Comiss\u00e3o de Organiza\u00e7\u00e3o dos Empregados tamb\u00e9m decidiu veicular um jornal no m\u00eas de dezembro sobre as reformas trabalhista e da previd\u00eancia e tamb\u00e9m sobre as cl\u00e1usulas.<\/p>\n<p>\u00a0<\/p>\n<p><strong>Fonte: Contraf-CUT<\/strong><\/p>\n","protected":false},"excerpt":{"rendered":"<p>Reuni\u00e3o com GT de Sa\u00fade est\u00e1 marcada para o dia 30 de novembro A Comiss\u00e3o de Organiza\u00e7\u00e3o dos Empregados do Ita\u00fa se reuniu, nesta quarta-feira (22), na sede da Confedera\u00e7\u00e3o Nacional dos Trabalhadores do Ramo Financeiro (Contraf-CUT), em S\u00e3o Paulo, para discutir os pontos abordados na reuni\u00e3o com o Ita\u00fa, no dia anterior (21). Dentre [&hellip;]<\/p>\n","protected":false},"author":2,"featured_media":3412,"comment_status":"","ping_status":"","sticky":false,"template":"","format":"standard","meta":{"footnotes":""},"categories":[3],"tags":[],"class_list":["post-3413","post","type-post","status-publish","format-standard","has-post-thumbnail","hentry","category-noticias"],"_links":{"self":[{"href":"https:\/\/hostnetart.com.br\/baixada\/wp-json\/wp\/v2\/posts\/3413","targetHints":{"allow":["GET"]}}],"collection":[{"href":"https:\/\/hostnetart.com.br\/baixada\/wp-json\/wp\/v2\/posts"}],"about":[{"href":"https:\/\/hostnetart.com.br\/baixada\/wp-json\/wp\/v2\/types\/post"}],"author":[{"embeddable":true,"href":"https:\/\/hostnetart.com.br\/baixada\/wp-json\/wp\/v2\/users\/2"}],"replies":[{"embeddable":true,"href":"https:\/\/hostnetart.com.br\/baixada\/wp-json\/wp\/v2\/comments?post=3413"}],"version-history":[{"count":0,"href":"https:\/\/hostnetart.com.br\/baixada\/wp-json\/wp\/v2\/posts\/3413\/revisions"}],"wp:featuredmedia":[{"embeddable":true,"href":"https:\/\/hostnetart.com.br\/baixada\/wp-json\/wp\/v2\/media\/3412"}],"wp:attachment":[{"href":"https:\/\/hostnetart.com.br\/baixada\/wp-json\/wp\/v2\/media?parent=3413"}],"wp:term":[{"taxonomy":"category","embeddable":true,"href":"https:\/\/hostnetart.com.br\/baixada\/wp-json\/wp\/v2\/categories?post=3413"},{"taxonomy":"post_tag","embeddable":true,"href":"https:\/\/hostnetart.com.br\/baixada\/wp-json\/wp\/v2\/tags?post=3413"}],"curies":[{"name":"wp","href":"https:\/\/api.w.org\/{rel}","templated":true}]}}