{"id":3409,"date":"2017-11-22T18:39:07","date_gmt":"2017-11-22T20:39:07","guid":{"rendered":"https:\/\/hostnetart.com.br\/baixada\/temer-quer-impor-40-anos-de-contribuicao-para-trabalhador-receber-aposentadoria-integral\/"},"modified":"2017-11-22T18:39:07","modified_gmt":"2017-11-22T20:39:07","slug":"temer-quer-impor-40-anos-de-contribuicao-para-trabalhador-receber-aposentadoria-integral","status":"publish","type":"post","link":"https:\/\/hostnetart.com.br\/baixada\/temer-quer-impor-40-anos-de-contribuicao-para-trabalhador-receber-aposentadoria-integral\/","title":{"rendered":"Temer quer impor 40 anos de contribui\u00e7\u00e3o para trabalhador receber aposentadoria integral"},"content":{"rendered":"<p>O sonho de muitos brasileiros de ter acesso \u00e0 aposentadoria integral poder\u00e1 ficar mais distante se o presidente Michel Temer (PMDB) conseguir aprovar no Congresso Nacional, a Reforma da Previd\u00eancia. O novo texto que o Pal\u00e1cio do Planalto quer levar ao parlamento mant\u00e9m a previs\u00e3o de 40 anos de contribui\u00e7\u00e3o para acesso ao benef\u00edcio integral, assim como aprovado na Comiss\u00e3o Especial da C\u00e2mara. Quem contribuir 15 anos, o m\u00ednimo para se aposentar, receber\u00e1 60% da m\u00e9dia dos sal\u00e1rios. Para servidores p\u00fablicos, as regras ser\u00e3o ainda mais duras. O projeto aprovado em maio na Comiss\u00e3o Especial fala em 25 anos de contribui\u00e7\u00e3o m\u00ednima.\u00a0<br \/> Os recuos do Governo para facilitar a aprova\u00e7\u00e3o da proposta n\u00e3o agradam nem ao mais otimista dos brasileiros. Est\u00e1 mantida a idade m\u00ednima de 62 anos para mulheres e 65 para homens, regra de transi\u00e7\u00e3o e fim do que chama de \u201cprivil\u00e9gios\u201d para os servidores p\u00fablicos.<br \/> Por ser uma Emenda \u00e0 Constitui\u00e7\u00e3o (PEC), o governo precisa de votos favor\u00e1veis de tr\u00eas quintos da C\u00e2mara e do Senado, em dois turnos.\u00a0<br \/> <strong>Colapso no sistema<\/strong><br \/> O projeto coloca em risco n\u00e3o somente o direito do brasileiro se aposentar, mas a pr\u00f3pria arrecada\u00e7\u00e3o do INSS. O governo quer reduzir o valor dos benef\u00edcios, mas vai diminuir tamb\u00e9m a arrecada\u00e7\u00e3o. \u201cO sistema continuar\u00e1 deficit\u00e1rio e corre o risco de entrar em colapso definitivo. Este parece ser o objetivo de Temer\u201d, afirma o vice-presidente do Sindicato Paulo Matileti.\u00a0<br \/> O problema \u00e9 que para ter direito a 100% do benef\u00edcio, o trabalhador teria que ter o dobro de contribui\u00e7\u00e3o e mais dez anos. \u201cN\u00e3o vale a pena. Essa propor\u00e7\u00e3o dever\u00e1 desestimular o pagamento ap\u00f3s os 15 anos\u201d, explica o sindicalista.\u00a0<br \/> <strong>Proposta maquiadora<\/strong><br \/> Segundo especialistas, o \u201crecuo\u201d do governo n\u00e3o melhora em nada a proposta, que \u00e9 maquiadora porque tira o m\u00ednimo de 25 anos de contribui\u00e7\u00e3o, que assusta a popula\u00e7\u00e3o, e inclui os 15, mas est\u00e1 embutido uma f\u00f3rmula progressiva que \u00e9 t\u00e3o prejudicial ao trabalhador quanto a proposta inicial, aprovada na Comiss\u00e3o Especial da <strong>C\u00e2mara dos Deputados.\u00a0<\/strong><br \/> \u201cA idade m\u00ednima prejudica os mais pobres, que trabalham mais cedo e s\u00e3o maioria no mercado informal. O governo praticamente inviabiliza o sonho de receber o teto e dificulta o direito ao benef\u00edcio integral. A proposta s\u00f3 \u00e9 boa para os banqueiros, que v\u00e3o vender mais previd\u00eancia privada\u201d, critica a presidenta do Sindicato, Adriana Nalesso.\u00a0<\/p>\n<p><strong>Como ficaria com as novas regras<\/strong><\/p>\n<ul>\n<li>Para se aposentar, o trabalhador ter\u00e1 de ter idade m\u00ednima: 62 anos para mulheres e 65 para homens e tempo m\u00ednimo de contribui\u00e7\u00e3o de 15 anos.<\/li>\n<li>Com 15 anos de contribui\u00e7\u00e3o: o trabalhador se aposentar\u00e1 com 60% da m\u00e9dia dos sal\u00e1rios de contribui\u00e7\u00e3o.<\/li>\n<li>De 16 a 25 anos de contribui\u00e7\u00e3o: \u00a01 ponto percentual a mais para cada ano.<\/li>\n<li>De 26 a 30 anos de contribui\u00e7\u00e3o: \u00a01,5 ponto percentual a mais para cada ano.<\/li>\n<li>De 31 a 35 anos de contribui\u00e7\u00e3o: 2 pontos percentuais a mais para cada ano.<\/li>\n<li>De 36 a 40 anos de contribui\u00e7\u00e3o: 2,5 pontos percentuais a mais para cada ano.<\/li>\n<\/ul>\n","protected":false},"excerpt":{"rendered":"<p>O sonho de muitos brasileiros de ter acesso \u00e0 aposentadoria integral poder\u00e1 ficar mais distante se o presidente Michel Temer (PMDB) conseguir aprovar no Congresso Nacional, a Reforma da Previd\u00eancia. O novo texto que o Pal\u00e1cio do Planalto quer levar ao parlamento mant\u00e9m a previs\u00e3o de 40 anos de contribui\u00e7\u00e3o para acesso ao benef\u00edcio integral, [&hellip;]<\/p>\n","protected":false},"author":2,"featured_media":3408,"comment_status":"","ping_status":"","sticky":false,"template":"","format":"standard","meta":{"footnotes":""},"categories":[3],"tags":[],"class_list":["post-3409","post","type-post","status-publish","format-standard","has-post-thumbnail","hentry","category-noticias"],"_links":{"self":[{"href":"https:\/\/hostnetart.com.br\/baixada\/wp-json\/wp\/v2\/posts\/3409","targetHints":{"allow":["GET"]}}],"collection":[{"href":"https:\/\/hostnetart.com.br\/baixada\/wp-json\/wp\/v2\/posts"}],"about":[{"href":"https:\/\/hostnetart.com.br\/baixada\/wp-json\/wp\/v2\/types\/post"}],"author":[{"embeddable":true,"href":"https:\/\/hostnetart.com.br\/baixada\/wp-json\/wp\/v2\/users\/2"}],"replies":[{"embeddable":true,"href":"https:\/\/hostnetart.com.br\/baixada\/wp-json\/wp\/v2\/comments?post=3409"}],"version-history":[{"count":0,"href":"https:\/\/hostnetart.com.br\/baixada\/wp-json\/wp\/v2\/posts\/3409\/revisions"}],"wp:featuredmedia":[{"embeddable":true,"href":"https:\/\/hostnetart.com.br\/baixada\/wp-json\/wp\/v2\/media\/3408"}],"wp:attachment":[{"href":"https:\/\/hostnetart.com.br\/baixada\/wp-json\/wp\/v2\/media?parent=3409"}],"wp:term":[{"taxonomy":"category","embeddable":true,"href":"https:\/\/hostnetart.com.br\/baixada\/wp-json\/wp\/v2\/categories?post=3409"},{"taxonomy":"post_tag","embeddable":true,"href":"https:\/\/hostnetart.com.br\/baixada\/wp-json\/wp\/v2\/tags?post=3409"}],"curies":[{"name":"wp","href":"https:\/\/api.w.org\/{rel}","templated":true}]}}