{"id":3405,"date":"2017-11-22T10:22:18","date_gmt":"2017-11-22T12:22:18","guid":{"rendered":"https:\/\/hostnetart.com.br\/baixada\/coe-itau-inicia-negociacoes-sobre-clausula-62-no-banco\/"},"modified":"2017-11-22T10:22:18","modified_gmt":"2017-11-22T12:22:18","slug":"coe-itau-inicia-negociacoes-sobre-clausula-62-no-banco","status":"publish","type":"post","link":"https:\/\/hostnetart.com.br\/baixada\/coe-itau-inicia-negociacoes-sobre-clausula-62-no-banco\/","title":{"rendered":"COE Ita\u00fa inicia negocia\u00e7\u00f5es sobre cl\u00e1usula 62 no banco"},"content":{"rendered":"<p>A Comiss\u00e3o de Organiza\u00e7\u00e3o dos Empregados (COE) do Ita\u00fa se reuniu, nesta ter\u00e7a-feira (21), com o banco para come\u00e7ar as discuss\u00f5es sobre o termo aditivo \u00e0 Conven\u00e7\u00e3o Coletiva de Trabalho (CCT) 2016\/2018, assinada pelo Comando Nacional dos Banc\u00e1rios e a Federa\u00e7\u00e3o Nacional dos Bancos (Fenaban), no dia 25 de setembro, que regulamenta a cria\u00e7\u00e3o de centros de realoca\u00e7\u00e3o e requalifica\u00e7\u00e3o profissional, conforme previsto na Cl\u00e1usula 62 da CCT.<\/p>\n<p>Ficou definido que os trabalhadores ir\u00e3o criar um grupo de monitoramento do andamento das realoca\u00e7\u00f5es e reclassifica\u00e7\u00e3o, como j\u00e1 aconteceu na compra do Unibanco. O grupo volta a existir, principalmente, pela compra do Citibank, fechada este ano.<\/p>\n<p>\u201c\u00c9 importante manter esse canal de di\u00e1logo, na mesa de negocia\u00e7\u00e3o, para qualquer ponto que o banco for implementar. Principalmente agora, com as mudan\u00e7as que possam surgir depois da Reforma Trabalhista, \u201cafirmou Jair Alves, coordenador do COE Ita\u00fa.<\/p>\n<p>Outro tema debatido foi a cl\u00e1usula 65, que trata do adiantamento emergencial de sal\u00e1rios nos per\u00edodos transit\u00f3rios de afastamento por doen\u00e7a. As partes entendem que este tema j\u00e1 come\u00e7ou a ser debatido na mesa permanente do GT de sa\u00fade e deve continuar assim.<\/p>\n<p>Os representantes cobraram do banco mais informa\u00e7\u00f5es sobre o n\u00edvel de emprego. Antes de iniciar essa apresenta\u00e7\u00e3o, o banco informou mudan\u00e7a na dire\u00e7\u00e3o da \u00e1rea respons\u00e1vel pela negocia\u00e7\u00e3o com os trabalhadores.<\/p>\n<p>Em rela\u00e7\u00e3o ao emprego, o banco disse que o n\u00famero de turnover, que \u00e9 a medi\u00e7\u00e3o da rotatividade de pessoal, que mede o giro de entradas e sa\u00eddas de colaboradores, caiu de dois d\u00edgitos para 9%. Para os trabalhadores, o n\u00famero ainda \u00e9 muito alto e o ideal \u00e9 que fosse 0.<\/p>\n<p>Para o pr\u00f3ximo encontro, dirigentes sindicais reivindicaram um mapa geral do Citibank, com n\u00famero de funcion\u00e1rios, cargos e \u00e1reas, para poder acompanhar com transpar\u00eancia a incorpora\u00e7\u00e3o. Ainda ser\u00e1 definida uma agenda sindical para o ano que vem, com reuni\u00f5es mensais com a dire\u00e7\u00e3o do banco.<\/p>\n<p><strong>Fonte: Contraf-CUT<\/strong><\/p>\n","protected":false},"excerpt":{"rendered":"<p>A Comiss\u00e3o de Organiza\u00e7\u00e3o dos Empregados (COE) do Ita\u00fa se reuniu, nesta ter\u00e7a-feira (21), com o banco para come\u00e7ar as discuss\u00f5es sobre o termo aditivo \u00e0 Conven\u00e7\u00e3o Coletiva de Trabalho (CCT) 2016\/2018, assinada pelo Comando Nacional dos Banc\u00e1rios e a Federa\u00e7\u00e3o Nacional dos Bancos (Fenaban), no dia 25 de setembro, que regulamenta a cria\u00e7\u00e3o de [&hellip;]<\/p>\n","protected":false},"author":2,"featured_media":3404,"comment_status":"","ping_status":"","sticky":false,"template":"","format":"standard","meta":{"footnotes":""},"categories":[3],"tags":[],"class_list":["post-3405","post","type-post","status-publish","format-standard","has-post-thumbnail","hentry","category-noticias"],"_links":{"self":[{"href":"https:\/\/hostnetart.com.br\/baixada\/wp-json\/wp\/v2\/posts\/3405","targetHints":{"allow":["GET"]}}],"collection":[{"href":"https:\/\/hostnetart.com.br\/baixada\/wp-json\/wp\/v2\/posts"}],"about":[{"href":"https:\/\/hostnetart.com.br\/baixada\/wp-json\/wp\/v2\/types\/post"}],"author":[{"embeddable":true,"href":"https:\/\/hostnetart.com.br\/baixada\/wp-json\/wp\/v2\/users\/2"}],"replies":[{"embeddable":true,"href":"https:\/\/hostnetart.com.br\/baixada\/wp-json\/wp\/v2\/comments?post=3405"}],"version-history":[{"count":0,"href":"https:\/\/hostnetart.com.br\/baixada\/wp-json\/wp\/v2\/posts\/3405\/revisions"}],"wp:featuredmedia":[{"embeddable":true,"href":"https:\/\/hostnetart.com.br\/baixada\/wp-json\/wp\/v2\/media\/3404"}],"wp:attachment":[{"href":"https:\/\/hostnetart.com.br\/baixada\/wp-json\/wp\/v2\/media?parent=3405"}],"wp:term":[{"taxonomy":"category","embeddable":true,"href":"https:\/\/hostnetart.com.br\/baixada\/wp-json\/wp\/v2\/categories?post=3405"},{"taxonomy":"post_tag","embeddable":true,"href":"https:\/\/hostnetart.com.br\/baixada\/wp-json\/wp\/v2\/tags?post=3405"}],"curies":[{"name":"wp","href":"https:\/\/api.w.org\/{rel}","templated":true}]}}