{"id":3401,"date":"2017-11-21T17:29:03","date_gmt":"2017-11-21T19:29:03","guid":{"rendered":"https:\/\/hostnetart.com.br\/baixada\/reforma-trabalhista-aumentara-a-desigualdade-no-brasil-diz-economista\/"},"modified":"2017-11-21T17:29:03","modified_gmt":"2017-11-21T19:29:03","slug":"reforma-trabalhista-aumentara-a-desigualdade-no-brasil-diz-economista","status":"publish","type":"post","link":"https:\/\/hostnetart.com.br\/baixada\/reforma-trabalhista-aumentara-a-desigualdade-no-brasil-diz-economista\/","title":{"rendered":"&#8216;Reforma trabalhista aumentar\u00e1 a desigualdade no Brasil&#8217;, diz economista"},"content":{"rendered":"<p>Al\u00e9m de precarizar a situa\u00e7\u00e3o do trabalhador, a reforma trabalhista de Michel Temer (Lei 13.467) tamb\u00e9m aumentar\u00e1 o abismo da desigualdade social no Brasil. Essa \u00e9 a an\u00e1lise de Guilherme Mello, economista e professor da Universidade Estadual de Campinas (Unicamp), em entrevista \u00e0 R\u00e1dio Brasil Atual, nesta segunda-feira (20). Ou\u00e7a aqui.<\/p>\n<p>O especialista destaca que, ao inv\u00e9s de se pensar em tirar de quem tem menos, a necessidade \u00e9 de se discutir uma forma de distribuir mais renda, por meio de uma reforma tribut\u00e1ria. &#8220;A reforma trabalhista d\u00e1 mais benef\u00edcios aos quem t\u00eam mais, e tira de quem tem menos. A massa salarial n\u00e3o ir\u00e1 crescer, ou seja, n\u00e3o haver\u00e1 crescimento econ\u00f4mico. Essas medidas s\u00f3 atacam quem tem menos e pioram a distribui\u00e7\u00e3o de renda&#8221;, critica.<\/p>\n<p>O economista tamb\u00e9m comentou a proje\u00e7\u00e3o do banco Credit Suisse, em que o n\u00famero de milion\u00e1rios brasileiros podem aumentar em 81% at\u00e9 2022. De acordo com Guilherme, o golpe de 2016 tem influ\u00eancia nos dados. <\/p>\n<p>&#8220;Essa tend\u00eancia de concentra\u00e7\u00e3o aparece em todos os pa\u00edses, a quest\u00e3o \u00e9: o que o Estado far\u00e1 para mitigar essa tend\u00eancia? Como aqui, depois do golpe, se ajuda muito os ricos, a tend\u00eancia \u00e9 crescer o n\u00famero de super-ricos e tamb\u00e9m o n\u00famero de pobres. N\u00e3o teria problema ter mais milion\u00e1rios se houvesse, ao mesmo tempo, mais renda para os pobres e a classe m\u00e9dia&#8221;, explica.<\/p>\n<p>Ele lembra que a concentra\u00e7\u00e3o de renda interfere no crescimento econ\u00f4mico, pois os ricos aplicam seus recursos no mercado financeiro, sem investir na cria\u00e7\u00e3o de empregos. O professor tamb\u00e9m afirma que a distribui\u00e7\u00e3o de renda \u00e9 provedora de bem estar social. <\/p>\n<p>&#8220;As pessoas acham que a ideia \u00e9 distribuir a pobreza, mas n\u00e3o \u00e9 isso. H\u00e1 condi\u00e7\u00f5es de ter distribui\u00e7\u00e3o da riqueza e gerar crescimento econ\u00f4mico. A ideia de voc\u00ea ter uma sociedade mais igualit\u00e1ria \u00e9 positiva tamb\u00e9m para o funcionamento do tecido social. Uma sociedade muito desigual \u00e9 mais violenta, radicalizada&#8221;, diz.<\/p>\n<p><strong>Fonte: Rede Brasil Atual<\/strong><\/p>\n","protected":false},"excerpt":{"rendered":"<p>Al\u00e9m de precarizar a situa\u00e7\u00e3o do trabalhador, a reforma trabalhista de Michel Temer (Lei 13.467) tamb\u00e9m aumentar\u00e1 o abismo da desigualdade social no Brasil. Essa \u00e9 a an\u00e1lise de Guilherme Mello, economista e professor da Universidade Estadual de Campinas (Unicamp), em entrevista \u00e0 R\u00e1dio Brasil Atual, nesta segunda-feira (20). Ou\u00e7a aqui. O especialista destaca que, [&hellip;]<\/p>\n","protected":false},"author":2,"featured_media":3400,"comment_status":"","ping_status":"","sticky":false,"template":"","format":"standard","meta":{"footnotes":""},"categories":[3],"tags":[],"class_list":["post-3401","post","type-post","status-publish","format-standard","has-post-thumbnail","hentry","category-noticias"],"_links":{"self":[{"href":"https:\/\/hostnetart.com.br\/baixada\/wp-json\/wp\/v2\/posts\/3401","targetHints":{"allow":["GET"]}}],"collection":[{"href":"https:\/\/hostnetart.com.br\/baixada\/wp-json\/wp\/v2\/posts"}],"about":[{"href":"https:\/\/hostnetart.com.br\/baixada\/wp-json\/wp\/v2\/types\/post"}],"author":[{"embeddable":true,"href":"https:\/\/hostnetart.com.br\/baixada\/wp-json\/wp\/v2\/users\/2"}],"replies":[{"embeddable":true,"href":"https:\/\/hostnetart.com.br\/baixada\/wp-json\/wp\/v2\/comments?post=3401"}],"version-history":[{"count":0,"href":"https:\/\/hostnetart.com.br\/baixada\/wp-json\/wp\/v2\/posts\/3401\/revisions"}],"wp:featuredmedia":[{"embeddable":true,"href":"https:\/\/hostnetart.com.br\/baixada\/wp-json\/wp\/v2\/media\/3400"}],"wp:attachment":[{"href":"https:\/\/hostnetart.com.br\/baixada\/wp-json\/wp\/v2\/media?parent=3401"}],"wp:term":[{"taxonomy":"category","embeddable":true,"href":"https:\/\/hostnetart.com.br\/baixada\/wp-json\/wp\/v2\/categories?post=3401"},{"taxonomy":"post_tag","embeddable":true,"href":"https:\/\/hostnetart.com.br\/baixada\/wp-json\/wp\/v2\/tags?post=3401"}],"curies":[{"name":"wp","href":"https:\/\/api.w.org\/{rel}","templated":true}]}}