{"id":3399,"date":"2017-11-21T17:24:59","date_gmt":"2017-11-21T19:24:59","guid":{"rendered":"https:\/\/hostnetart.com.br\/baixada\/jornada-continental-pela-democracia-debate-sobre-resistencia-ao-poder-economico\/"},"modified":"2017-11-21T17:24:59","modified_gmt":"2017-11-21T19:24:59","slug":"jornada-continental-pela-democracia-debate-sobre-resistencia-ao-poder-economico","status":"publish","type":"post","link":"https:\/\/hostnetart.com.br\/baixada\/jornada-continental-pela-democracia-debate-sobre-resistencia-ao-poder-economico\/","title":{"rendered":"Jornada Continental pela Democracia debate sobre resist\u00eancia ao poder econ\u00f4mico"},"content":{"rendered":"<p><em><span style=\"text-decoration: underline;\">Grupos debateram sobre livre com\u00e9rcio, integra\u00e7\u00e3o dos povos, resist\u00eancias \u00e0s transnacionais e democracia e soberania, plen\u00e1ria final ser\u00e1 neste s\u00e1bado<\/span><\/em><\/p>\n<p>Nesta sexta-feira (17), segundo dia de atividades, a Jornada Continental pela Democracia e contra o Neoliberalismo, que acontece em Montevideo, no Uruguai, os participantes foram divididos em grupos para debater quatro temas: Livre com\u00e9rcio: os ataques do capital contra a vida Democracia e soberania; Integra\u00e7\u00e3o dos povos; e Resist\u00eancias populares frente ao poder das transnacionais. Veja a programa\u00e7\u00e3o completa do dia.<\/p>\n<p>O banc\u00e1rio brasileiro M\u00e1rcio Monzane, que \u00e9 secret\u00e1rio-geral regional da UNI Am\u00e9ricas, coordenou a mesa sobre as resist\u00eancias frente ao poder das empresas transnacionais. \u201cO evento faz um chamado para a unidade dos movimentos sindical e sociais para enfrentar essa onda conservadora que vivemos em nossa regi\u00e3o. \u00c9 uma declara\u00e7\u00e3o de luta e resist\u00eancia para fazer frente ao poder econ\u00f4mico mundial\u201d, declarou.<\/p>\n<p>Para ele, o debate passa por como construir a luta. \u201cMas tamb\u00e9m, para identificar de onde vem os ataques aos direitos dos trabalhadores e como a gente pode resistir a esses ataques, \u00e0 reforma trabalhista, \u00e0 ascens\u00e3o dos governos de direita e como retomar o projeto progressista e de inclus\u00e3o social na nossa regi\u00e3o\u201d, completou.<\/p>\n<p>A jornada se encerra neste s\u00e1bado (18), com a Plen\u00e1ria de Converg\u00eancia que definir\u00e1 as lutas e a\u00e7\u00f5es dos movimentos sociais e sindicais pela democracia e contra o Neoliberalismo.<\/p>\n<p><strong>Fonte: Contraf-CUT<\/strong><\/p>\n","protected":false},"excerpt":{"rendered":"<p>Grupos debateram sobre livre com\u00e9rcio, integra\u00e7\u00e3o dos povos, resist\u00eancias \u00e0s transnacionais e democracia e soberania, plen\u00e1ria final ser\u00e1 neste s\u00e1bado Nesta sexta-feira (17), segundo dia de atividades, a Jornada Continental pela Democracia e contra o Neoliberalismo, que acontece em Montevideo, no Uruguai, os participantes foram divididos em grupos para debater quatro temas: Livre com\u00e9rcio: os [&hellip;]<\/p>\n","protected":false},"author":2,"featured_media":3398,"comment_status":"","ping_status":"","sticky":false,"template":"","format":"standard","meta":{"footnotes":""},"categories":[3],"tags":[],"class_list":["post-3399","post","type-post","status-publish","format-standard","has-post-thumbnail","hentry","category-noticias"],"_links":{"self":[{"href":"https:\/\/hostnetart.com.br\/baixada\/wp-json\/wp\/v2\/posts\/3399","targetHints":{"allow":["GET"]}}],"collection":[{"href":"https:\/\/hostnetart.com.br\/baixada\/wp-json\/wp\/v2\/posts"}],"about":[{"href":"https:\/\/hostnetart.com.br\/baixada\/wp-json\/wp\/v2\/types\/post"}],"author":[{"embeddable":true,"href":"https:\/\/hostnetart.com.br\/baixada\/wp-json\/wp\/v2\/users\/2"}],"replies":[{"embeddable":true,"href":"https:\/\/hostnetart.com.br\/baixada\/wp-json\/wp\/v2\/comments?post=3399"}],"version-history":[{"count":0,"href":"https:\/\/hostnetart.com.br\/baixada\/wp-json\/wp\/v2\/posts\/3399\/revisions"}],"wp:featuredmedia":[{"embeddable":true,"href":"https:\/\/hostnetart.com.br\/baixada\/wp-json\/wp\/v2\/media\/3398"}],"wp:attachment":[{"href":"https:\/\/hostnetart.com.br\/baixada\/wp-json\/wp\/v2\/media?parent=3399"}],"wp:term":[{"taxonomy":"category","embeddable":true,"href":"https:\/\/hostnetart.com.br\/baixada\/wp-json\/wp\/v2\/categories?post=3399"},{"taxonomy":"post_tag","embeddable":true,"href":"https:\/\/hostnetart.com.br\/baixada\/wp-json\/wp\/v2\/tags?post=3399"}],"curies":[{"name":"wp","href":"https:\/\/api.w.org\/{rel}","templated":true}]}}