{"id":3397,"date":"2017-11-17T15:03:30","date_gmt":"2017-11-17T17:03:30","guid":{"rendered":"https:\/\/hostnetart.com.br\/baixada\/negros-sao-64-dos-desempregados-66-dos-domesticos-e-67-dos-ambulantes\/"},"modified":"2017-11-17T15:03:30","modified_gmt":"2017-11-17T17:03:30","slug":"negros-sao-64-dos-desempregados-66-dos-domesticos-e-67-dos-ambulantes","status":"publish","type":"post","link":"https:\/\/hostnetart.com.br\/baixada\/negros-sao-64-dos-desempregados-66-dos-domesticos-e-67-dos-ambulantes\/","title":{"rendered":"Negros s\u00e3o 64% dos desempregados, 66% dos dom\u00e9sticos e 67% dos ambulantes"},"content":{"rendered":"<p>O desemprego e a exclus\u00e3o do mercado de trabalho atingem, principalmente, pretos e pardos (classifica\u00e7\u00e3o usada pelo IBGE), mulheres e moradores da regi\u00e3o Nordeste, segundo a Pesquisa Nacional por Amostra de Domic\u00edlios (Pnad) Cont\u00ednua, com dados regionais divulgados hoje (17) pelo instituto. Dos 13 milh\u00f5es de desempregados no pa\u00eds, 8,3 milh\u00f5es (63,7%) eram pretos ou pardos. A taxa de desemprego entre eles foi de 14,6%, enquanto a dos brancos chegou a 9,9%.<\/p>\n<p>Ainda entre os aproximadamente 13 milh\u00f5es de desempregados, eram 52,6% de pardos, 35,6% de brancos e 11,1% de pretos. Cinco anos antes, essas propor\u00e7\u00f5es eram de 51,9%, 38,3% e 9,3%, respectivamente.<\/p>\n<p>Pretos e partidos s\u00e3o maioria da popula\u00e7\u00e3o de 14 anos ou mais (55%) e entre os trabalhadores ocupados (53%). Mas a propor\u00e7\u00e3o de ocupados negros \u00e9 inferior \u00e0 de brancos. A diferen\u00e7a tamb\u00e9m se nota nos rendimentos: a \u00e9dia entre pretos e pardos \u00e9 de R$ 1.531 e a dos brancos, R$ 2.757.<\/p>\n<p>O percentual de trabalhadores com carteira assinada \u00e9 maior entre brancos. No servi\u00e7o dom\u00e9stico, caracterizado pela informalidade e pela menor remunera\u00e7\u00e3o, 66% dos trabalhadores s\u00e3o pretos ou pardos. Eles tamb\u00e9m comp\u00f5em a maioria (67%) dos ambulantes no pa\u00eds \u2013 mais de 1 milh\u00e3o. No terceiro trimestre, 2,5% dos trabalhadores pretos ou pardos estavam nessa fun\u00e7\u00e3o, ante 1,9% em 2014. Tamb\u00e9m est\u00e3o mais presentes na agropecu\u00e1ria e na constru\u00e7\u00e3o civil e s\u00e3o maioria entre os trabalhadores por conta pr\u00f3pria (55,1%).<\/p>\n<p>Em todo o mercado de trabalho, a chamada taxa de subutiliza\u00e7\u00e3o da for\u00e7a de trabalho ficou em 23,9% no terceiro trimestre, o correspondente a 26,8 milh\u00f5es de pessoas, sendo dois ter\u00e7os (17,6 milh\u00f5es) pretas ou pardas. Esse grupo inclui desempregados, os subocupados e os que gostariam de estar trabalhando, mas n\u00e3o procuraram emprego. Para pretos e pardos, o \u00edndice sobe para 28,3%, caindo para 18,5% entre brancos.<\/p>\n<p>Os maiores \u00edndices foram registrados na Bahia (40,1%), Piau\u00ed (38,5%) e Maranh\u00e3o (37%). As menores, em Santa Catarina (10,9%), Mato Grosso (14,8%) e Rond\u00f4nia (15,5%).\u00a0<\/p>\n<p>Apenas a taxa de desemprego, divulgada anteriormente, foi de 12,4% no terceiro trimestre, variando de 7,9% (regi\u00e3o Sul) a 14,8% (Nordeste).\u00a0O rendimento m\u00e9dio foi estimado em R$ 2.115, est\u00e1vel.<\/p>\n<p>Em S\u00e3o Paulo, a taxa de desemprego era de 13,2% no terceiro trimestre. Cai para 11,4% entre brancos e sobe para 16,3% entre pretos e pardos.<\/p>\n<p>A Pnad mostra ainda que, entre os ocupados, 57,3% tinham conclu\u00eddo pelo menos o ensino m\u00e9dio. Outros 27,4% n\u00e3o chegaram a concluir o ensino fundamental e 18,9% completaram o ensino superior. As regi\u00f5es Nordeste (35,7%) e Norte (34,7%) tinham maior percentual de pessoas com menor n\u00edvel de instru\u00e7\u00e3o (sem concluir o ensino fundamental).<\/p>\n<p>As pessoas que o IBGE classifica como fora da for\u00e7a de trabalho, nem ocupadas e nem desempregadas, eram 38,2% daquelas em idade de trabalhar, ou 64,5 milh\u00f5es. No Nordeste, eram 45,3% e no Sudeste, 35,1%. &#8220;Importante destacar que esta configura\u00e7\u00e3o n\u00e3o se alterou significativamente ao longo da s\u00e9rie hist\u00f3rica dispon\u00edvel&#8221;, diz o instituto. A maioria da popula\u00e7\u00e3o fora da for\u00e7a de trabalho era formada por mulheres (65,1%), tamb\u00e9m mantendo tend\u00eancia hist\u00f3rica. Pardos (48%) e pretos (8%) eram mais da metade.<\/p>\n<p><strong>Fonte: Rede Brasil Atual<\/strong><\/p>\n","protected":false},"excerpt":{"rendered":"<p>O desemprego e a exclus\u00e3o do mercado de trabalho atingem, principalmente, pretos e pardos (classifica\u00e7\u00e3o usada pelo IBGE), mulheres e moradores da regi\u00e3o Nordeste, segundo a Pesquisa Nacional por Amostra de Domic\u00edlios (Pnad) Cont\u00ednua, com dados regionais divulgados hoje (17) pelo instituto. Dos 13 milh\u00f5es de desempregados no pa\u00eds, 8,3 milh\u00f5es (63,7%) eram pretos ou [&hellip;]<\/p>\n","protected":false},"author":2,"featured_media":3396,"comment_status":"","ping_status":"","sticky":false,"template":"","format":"standard","meta":{"footnotes":""},"categories":[3],"tags":[],"class_list":["post-3397","post","type-post","status-publish","format-standard","has-post-thumbnail","hentry","category-noticias"],"_links":{"self":[{"href":"https:\/\/hostnetart.com.br\/baixada\/wp-json\/wp\/v2\/posts\/3397","targetHints":{"allow":["GET"]}}],"collection":[{"href":"https:\/\/hostnetart.com.br\/baixada\/wp-json\/wp\/v2\/posts"}],"about":[{"href":"https:\/\/hostnetart.com.br\/baixada\/wp-json\/wp\/v2\/types\/post"}],"author":[{"embeddable":true,"href":"https:\/\/hostnetart.com.br\/baixada\/wp-json\/wp\/v2\/users\/2"}],"replies":[{"embeddable":true,"href":"https:\/\/hostnetart.com.br\/baixada\/wp-json\/wp\/v2\/comments?post=3397"}],"version-history":[{"count":0,"href":"https:\/\/hostnetart.com.br\/baixada\/wp-json\/wp\/v2\/posts\/3397\/revisions"}],"wp:featuredmedia":[{"embeddable":true,"href":"https:\/\/hostnetart.com.br\/baixada\/wp-json\/wp\/v2\/media\/3396"}],"wp:attachment":[{"href":"https:\/\/hostnetart.com.br\/baixada\/wp-json\/wp\/v2\/media?parent=3397"}],"wp:term":[{"taxonomy":"category","embeddable":true,"href":"https:\/\/hostnetart.com.br\/baixada\/wp-json\/wp\/v2\/categories?post=3397"},{"taxonomy":"post_tag","embeddable":true,"href":"https:\/\/hostnetart.com.br\/baixada\/wp-json\/wp\/v2\/tags?post=3397"}],"curies":[{"name":"wp","href":"https:\/\/api.w.org\/{rel}","templated":true}]}}