{"id":3395,"date":"2017-11-17T15:01:52","date_gmt":"2017-11-17T17:01:52","guid":{"rendered":"https:\/\/hostnetart.com.br\/baixada\/marcha-abre-jornada-continental-pela-democracia-e-contra-o-neoliberalismo-em-montevideu\/"},"modified":"2017-11-17T15:01:52","modified_gmt":"2017-11-17T17:01:52","slug":"marcha-abre-jornada-continental-pela-democracia-e-contra-o-neoliberalismo-em-montevideu","status":"publish","type":"post","link":"https:\/\/hostnetart.com.br\/baixada\/marcha-abre-jornada-continental-pela-democracia-e-contra-o-neoliberalismo-em-montevideu\/","title":{"rendered":"Marcha abre Jornada Continental pela Democracia e contra o Neoliberalismo, em Montevid\u00e9u"},"content":{"rendered":"<p><em><span style=\"text-decoration: underline;\">At\u00e9 s\u00e1bado (18), a Contraf-CUT e diversos entidades sindicais filiados \u00e0 CUT participam do encontro<\/span><\/em><\/p>\n<p>Uma grande marcha pelas ruas de Montevid\u00e9u, organizada pela centrais sindicais do Uruguai (PIT-CNT), marcou a abertura da Jornada Continental pela Democracia e contra o Neoliberalismo. A atividade foi constru\u00edda pelo movimento sindical e organiza\u00e7\u00f5es sociais da regi\u00e3o, com objetivo de mobilizar os povos para a defesa da democracia, atualmente amea\u00e7ada em v\u00e1rios pa\u00edses da Am\u00e9rica do Sul por for\u00e7as conservadoras, que pressionam por novos tratados de livre-com\u00e9rcio, retomando a agenda neoliberal e atacando direitos sociais e trabalhistas.<\/p>\n<p>At\u00e9 s\u00e1bado (18), a Contraf-CUT e diversos entidades sindicais filiados \u00e0 CUT participam do encontro, que tem na sua pauta a luta pela democracia, a soberania, a integra\u00e7\u00e3o dos povos e a resist\u00eancia ao livre com\u00e9rcio e \u00e0s transnacionais.<\/p>\n<p>\u201cTrabalhadores de 23 pa\u00edses reafirmaram o desejo de combater as reformas laborais que est\u00e3o sendo feito unilateralmente, sem a participa\u00e7\u00e3o da classe trabalhadora, e o avan\u00e7o neoliberal no continente\u201d, afirmou Roberto von der Osten, presidente da Contraf-CUT. \u201cEstamos aqui trocando experi\u00eancias, acumulando para que brevemente a gente tome o poder definitivo. Porque um governo que concentre renda e exclua os trabalhadores \u00e9 inadequado para os nossos pa\u00edses e somos contra. Queremos construir um novo mundo, um mundo que seja fraterno, igualit\u00e1rio e que distribua oportunidades\u201d, completou.<\/p>\n<p>A jornada acontece uma d\u00e9cada depois de os movimentos sociais terem derrotado a \u00c1rea de Livre Com\u00e9rcio das Am\u00e9ricas Alca).\u00a0 De fato, a ALCA foi uma proposta feita pelos Estados Unidos, em 1994, com o objetivo de eliminar barreiras alfandeg\u00e1rias entre os 34 pa\u00edses americanos, formando assim uma \u00e1rea de livre com\u00e9rcio, com uma evidente vantagem para a ind\u00fastria norte-americana, que ofereceria produtos a pre\u00e7os mais baixos no continente latino-americano, levando, supostamente, ao fechamento de ind\u00fastrias e ao aumento do desemprego na Am\u00e9rica Latina.<\/p>\n<p>Com muita luta dos movimentos, o projeto da ALCA foi recusado pela maioria dos governos latino-americanos durante a 4\u00aa C\u00fapula das Am\u00e9ricas.<\/p>\n<p>A jornada se prop\u00f5e a debater a escalada de retirada de direitos que vem se dando no Brasil e outros pa\u00edses na Am\u00e9rica Latina, com elimina\u00e7\u00e3o de importantes programas sociais, por governos ileg\u00edtimos ou sustentados pelo capital, que retoma fortemente a agenda neoliberal de aprofundamento da desigualdade e concentra\u00e7\u00e3o de riqueza, o que exige a organiza\u00e7\u00e3o e a mobiliza\u00e7\u00e3o continental para enfrentar a complexidade da conjuntura atual. Assim, a jornada se constitui num importante movimento para fortalecer o processo de unidade da luta e a\u00e7\u00e3o sindical.<\/p>\n<p>Para o segundo dia est\u00e3o previstos encontros setorizados entre os pa\u00edses.<\/p>\n<p>O final da jornada ser\u00e1 com uma grande plen\u00e1ria de converg\u00eancia, que definir\u00e1 uma agenda comum de luta para o pr\u00f3ximo per\u00edodo no continente.<\/p>\n<p><strong>Fonte: Contraf-CUT<\/strong><\/p>\n","protected":false},"excerpt":{"rendered":"<p>At\u00e9 s\u00e1bado (18), a Contraf-CUT e diversos entidades sindicais filiados \u00e0 CUT participam do encontro Uma grande marcha pelas ruas de Montevid\u00e9u, organizada pela centrais sindicais do Uruguai (PIT-CNT), marcou a abertura da Jornada Continental pela Democracia e contra o Neoliberalismo. A atividade foi constru\u00edda pelo movimento sindical e organiza\u00e7\u00f5es sociais da regi\u00e3o, com objetivo [&hellip;]<\/p>\n","protected":false},"author":2,"featured_media":3394,"comment_status":"","ping_status":"","sticky":false,"template":"","format":"standard","meta":{"footnotes":""},"categories":[3],"tags":[],"class_list":["post-3395","post","type-post","status-publish","format-standard","has-post-thumbnail","hentry","category-noticias"],"_links":{"self":[{"href":"https:\/\/hostnetart.com.br\/baixada\/wp-json\/wp\/v2\/posts\/3395","targetHints":{"allow":["GET"]}}],"collection":[{"href":"https:\/\/hostnetart.com.br\/baixada\/wp-json\/wp\/v2\/posts"}],"about":[{"href":"https:\/\/hostnetart.com.br\/baixada\/wp-json\/wp\/v2\/types\/post"}],"author":[{"embeddable":true,"href":"https:\/\/hostnetart.com.br\/baixada\/wp-json\/wp\/v2\/users\/2"}],"replies":[{"embeddable":true,"href":"https:\/\/hostnetart.com.br\/baixada\/wp-json\/wp\/v2\/comments?post=3395"}],"version-history":[{"count":0,"href":"https:\/\/hostnetart.com.br\/baixada\/wp-json\/wp\/v2\/posts\/3395\/revisions"}],"wp:featuredmedia":[{"embeddable":true,"href":"https:\/\/hostnetart.com.br\/baixada\/wp-json\/wp\/v2\/media\/3394"}],"wp:attachment":[{"href":"https:\/\/hostnetart.com.br\/baixada\/wp-json\/wp\/v2\/media?parent=3395"}],"wp:term":[{"taxonomy":"category","embeddable":true,"href":"https:\/\/hostnetart.com.br\/baixada\/wp-json\/wp\/v2\/categories?post=3395"},{"taxonomy":"post_tag","embeddable":true,"href":"https:\/\/hostnetart.com.br\/baixada\/wp-json\/wp\/v2\/tags?post=3395"}],"curies":[{"name":"wp","href":"https:\/\/api.w.org\/{rel}","templated":true}]}}