{"id":3391,"date":"2017-11-16T16:44:13","date_gmt":"2017-11-16T18:44:13","guid":{"rendered":"https:\/\/hostnetart.com.br\/baixada\/mulheres-protestam-em-mais-de-30-cidades-contra-pec-do-aborto\/"},"modified":"2017-11-16T16:44:13","modified_gmt":"2017-11-16T18:44:13","slug":"mulheres-protestam-em-mais-de-30-cidades-contra-pec-do-aborto","status":"publish","type":"post","link":"https:\/\/hostnetart.com.br\/baixada\/mulheres-protestam-em-mais-de-30-cidades-contra-pec-do-aborto\/","title":{"rendered":"Mulheres protestam em mais de 30 cidades contra \u2018PEC do aborto&#8217;"},"content":{"rendered":"<p><em><span style=\"text-decoration: underline;\">Manifesta\u00e7\u00f5es repudiaram medida chamada de \u201cCavalo de Troia das mulheres\u201d<\/span><\/em><\/p>\n<p>Milhares de mulheres sa\u00edram \u00e0s ruas de quase 30 cidades nesta segunda-feira (13) para protestar contra a PEC 181, votada na \u00faltima quarta-feira (8) na C\u00e2mara dos Deputados, que pretende criminalizar o aborto em todos os casos no pa\u00eds, inclusive ap\u00f3s estupros e .<\/p>\n<p>A PEC 181, chamada de \u201cCavalo de Tr\u00f3ia das Mulheres\u201d, passou pela Comiss\u00e3o Especial no dia 8\/11, com 18 votos a favor e um contra. Originalmente, a PEC tinha como escopo ampliar a licen\u00e7a maternidade para m\u00e3es de prematuros, mas o projeto foi modificado para, caso aprovado, definir que a vida come\u00e7a desde a concep\u00e7\u00e3o, por isso o apelido.<\/p>\n<p>O texto ainda est\u00e1 sendo analisado pela comiss\u00e3o especial. Ap\u00f3s a conclus\u00e3o do parecer no colegiado, ele vai seguir para o plen\u00e1rio e onde precisar\u00e1 de 308 votos, em dois turnos, para ser aprovado.<\/p>\n<p>Na cidade de S\u00e3o Paulo, o ato come\u00e7ou perto das 18h, com uma concentra\u00e7\u00e3o no v\u00e3o livre do Masp, na avenida Paulista. Por volta das 19h, a manifesta\u00e7\u00e3o j\u00e1 tinha tomado a frente do Museu quando saiu em passeata no sentido da rua da Consola\u00e7\u00e3o, reunindo mais de 10 mil pessoas, segundo as organizadoras. Passava de 21h30 quando a caminhada chegou ao seu final, na pra\u00e7a Roosevelt. Antes disso, na descida da rua da Consola\u00e7\u00e3o, uma proje\u00e7\u00e3o na parede de um pr\u00e9dio chamou a aten\u00e7\u00e3o.<\/p>\n<p>A Secret\u00e1ria da Mulher Trabalhadora da CUT-SP, M\u00e1rcia Viana, lembrou que no Brasil j\u00e1 s\u00e3o altos os \u00edndices de estupro e defendeu que as mulheres devem ter o direito \u00e0 escolha, como j\u00e1 ocorre em outros pa\u00edses. \u201cN\u00e3o podemos permitir que 18 homens machistas tenham o controle sobre os nossos corpos. Sabemos que o \u00edndice de mortes aumentar\u00e1 porque abortos n\u00e3o deixar\u00e3o de acontecer, principalmente nos casos de viol\u00eancia contra as mulheres. N\u00e3o vamos permitir que essa criminaliza\u00e7\u00e3o avance\u201d, defendeu a dirigente que participou do ato na capital.<\/p>\n<p>No Rio de Janeiro, a concentra\u00e7\u00e3o foi na Cinel\u00e2ndia, no centro, \u00e0s 17h. Cerca de uma hora depois, as mulheres sa\u00edram em passeata at\u00e9 a Alerj (Assembleia Legislativa do Rio de Janeiro). Quando j\u00e1 estavam concentradas em frente \u00e0 sede do Legislativo do Rio, as mulheres foram alvo de bombas de g\u00e1s lacrimog\u00eaneo arremessadas pela Pol\u00edcia Militar, que nesse momento pareceu ter a inten\u00e7\u00e3o de acabar com o protesto. As mulheres, entretanto, se organizaram e resistiram, cantando: &#8220;n\u00e3o adianta reprimir, esse governo vai cair&#8221;. O ato s\u00f3 acabou depois das 21h, quando as manifestantes j\u00e1 tinham retornado \u00e0 Cinel\u00e2ndia.<\/p>\n<p>Por que \u00e9 t\u00e3o importante lutar contra esses retrocessos? <\/p>\n<p>Amea\u00e7ar ou acabar com os direitos das mulheres de abortarem caso a gravidez seja de risco, fruto de estupro ou de feto anenc\u00e9falo \u00e9 dizer que mulheres s\u00e3o meros recept\u00e1culos e ignorar completamente os efeitos de uma gesta\u00e7\u00e3o nessas condi\u00e7\u00f5es na vida, sa\u00fade e dignidade das mulheres que desejam interrup\u00e7\u00e3o. Somos mais que parideiras, somos pessoas.<\/p>\n<p>Impedir uma mulher que engravidou fruto de uma viol\u00eancia sexual de abortar exp\u00f5e muito sobre a cultura do estupro. Impor que a v\u00edtima de um estupro siga com uma gravidez fruto dessa viol\u00eancia \u00e9 institucionalizar seu sofrimento e ignorar a gravidade do crime que foi cometido contra ela.\u00a0 Ao colocar a fun\u00e7\u00e3o reprodutiva da mulher acima de sua pr\u00f3pria dignidade, isso relativiza o estupro e a vis\u00e3o de que mulheres s\u00e3o gente.<\/p>\n<p>Al\u00e9m disso, lutar contra o avan\u00e7o de propostas t\u00e3o absurdas como essa \u00e9 essencial para quem busca a legaliza\u00e7\u00e3o do aborto por ver a criminaliza\u00e7\u00e3o como algo que coloca a vida, a dignidade e a autonomia das mulheres em risco.<\/p>\n<p>Atos contra a PEC 181\/15 no Brasil nesta segunda-feira (13\/11):<\/p>\n<p>S\u00e3o Paulo, Rio de Janeiro, Porto Alegre, Bel\u00e9m, Recife, Belo Horizonte, Bras\u00edlia, Macei\u00f3, Florian\u00f3polis,\u00a0 Macap\u00e1, Jo\u00e3o Pessoa, Goi\u00e2nia, Curitiba, Fortaleza, Salvador, Manaus, Vit\u00f3ria, Taubat\u00e9, Campinas, S\u00e3o Carlos, Uberl\u00e2ndia, Po\u00e7os de Caldas, Santa Maria, Londrina, Campos dos Goytacazes, Bauru, Nova Friburgo .<\/p>\n<p>Atos que acontecem a partir desta ter\u00e7a-feira (14)<\/p>\n<p>14\/11: Campo Grande.<\/p>\n<p>15\/11: Araraquara.<\/p>\n<p>16\/11: Juiz de Fora.<\/p>\n<p>18\/11: Ribeir\u00e3o Preto \u2013 SP e Maring\u00e1.<\/p>\n<p><strong>Fonte: CUT<\/strong><\/p>\n","protected":false},"excerpt":{"rendered":"<p>Manifesta\u00e7\u00f5es repudiaram medida chamada de \u201cCavalo de Troia das mulheres\u201d Milhares de mulheres sa\u00edram \u00e0s ruas de quase 30 cidades nesta segunda-feira (13) para protestar contra a PEC 181, votada na \u00faltima quarta-feira (8) na C\u00e2mara dos Deputados, que pretende criminalizar o aborto em todos os casos no pa\u00eds, inclusive ap\u00f3s estupros e . A [&hellip;]<\/p>\n","protected":false},"author":2,"featured_media":3390,"comment_status":"","ping_status":"","sticky":false,"template":"","format":"standard","meta":{"footnotes":""},"categories":[3],"tags":[],"class_list":["post-3391","post","type-post","status-publish","format-standard","has-post-thumbnail","hentry","category-noticias"],"_links":{"self":[{"href":"https:\/\/hostnetart.com.br\/baixada\/wp-json\/wp\/v2\/posts\/3391","targetHints":{"allow":["GET"]}}],"collection":[{"href":"https:\/\/hostnetart.com.br\/baixada\/wp-json\/wp\/v2\/posts"}],"about":[{"href":"https:\/\/hostnetart.com.br\/baixada\/wp-json\/wp\/v2\/types\/post"}],"author":[{"embeddable":true,"href":"https:\/\/hostnetart.com.br\/baixada\/wp-json\/wp\/v2\/users\/2"}],"replies":[{"embeddable":true,"href":"https:\/\/hostnetart.com.br\/baixada\/wp-json\/wp\/v2\/comments?post=3391"}],"version-history":[{"count":0,"href":"https:\/\/hostnetart.com.br\/baixada\/wp-json\/wp\/v2\/posts\/3391\/revisions"}],"wp:featuredmedia":[{"embeddable":true,"href":"https:\/\/hostnetart.com.br\/baixada\/wp-json\/wp\/v2\/media\/3390"}],"wp:attachment":[{"href":"https:\/\/hostnetart.com.br\/baixada\/wp-json\/wp\/v2\/media?parent=3391"}],"wp:term":[{"taxonomy":"category","embeddable":true,"href":"https:\/\/hostnetart.com.br\/baixada\/wp-json\/wp\/v2\/categories?post=3391"},{"taxonomy":"post_tag","embeddable":true,"href":"https:\/\/hostnetart.com.br\/baixada\/wp-json\/wp\/v2\/tags?post=3391"}],"curies":[{"name":"wp","href":"https:\/\/api.w.org\/{rel}","templated":true}]}}