{"id":3389,"date":"2017-11-16T16:42:46","date_gmt":"2017-11-16T18:42:46","guid":{"rendered":"https:\/\/hostnetart.com.br\/baixada\/contraf-cut-participa-da-iv-reuniao-da-alianca-latino-americana-em-defesa-dos-bancos-publicos\/"},"modified":"2017-11-16T16:42:46","modified_gmt":"2017-11-16T18:42:46","slug":"contraf-cut-participa-da-iv-reuniao-da-alianca-latino-americana-em-defesa-dos-bancos-publicos","status":"publish","type":"post","link":"https:\/\/hostnetart.com.br\/baixada\/contraf-cut-participa-da-iv-reuniao-da-alianca-latino-americana-em-defesa-dos-bancos-publicos\/","title":{"rendered":"Contraf-CUT participa da IV Reuni\u00e3o da Alian\u00e7a Latino-americana em Defesa dos Bancos P\u00fablicos"},"content":{"rendered":"<p>A Contraf-CUT participa, nesta ter\u00e7a-feira (14) e quarta-feira (15), da IV Reuni\u00e3o da Alian\u00e7a Latino-americana em Defesa dos Bancos P\u00fablicos, promovida pela Uni Am\u00e9ricas Finan\u00e7as, em Montevideo, no Uruguai. O evento ser\u00e1 seguido da Jornada Latino-americana pela Democracia e contra o Neoliberalismo, entre os dias 16 e 18.<\/p>\n<p>No primeiro dia de debates, j\u00e1 ficou claro a import\u00e2ncia do encontro. \u201cOuvindo os relatos dos pa\u00edses, impressiona constatar que ainda precisamos avan\u00e7ar muito. Os banqueiros v\u00eam implementando uma agenda continental de maximiza\u00e7\u00e3o dos seus lucros, de redu\u00e7\u00e3o de empregos, de transforma\u00e7\u00e3o digital e de press\u00e3o aos parlamentos para alterar as leis que protegem o trabalho. Fica claro a luta de classes e a a\u00e7\u00e3o organizada das elites financeiras nesta ofensiva neoliberal e fica mais claro ainda de que a sa\u00edda n\u00e3o \u00e9 local e tem que ser continental e global\u201d, afirmou Roberto von der Osten, presidente da Contraf-CUT. \u201cFundamental neste momento \u00e9 o papel da Uni Global Union, sindicato mundial ao qual somos filiados. Atrav\u00e9s desta Alian\u00e7a estamos debatendo como agir com unidade e organizadamente. S\u00f3 a luta nos garante!\u201d, completou.<\/p>\n<p>No ano passado, a jornada latino-americana encampou a campanha \u201cSe \u00e9 p\u00fablico, \u00e9 para todos\u201d, lan\u00e7ada pelo Comit\u00ea Nacional em Defesa das Empresas P\u00fablicas em junho de 2016, no Rio de Janeiro. Pela manh\u00e3, a coordenadora do Comit\u00ea Nacional em Defesa das Empresas P\u00fablicas, Rita Serrano, que tamb\u00e9m representa os empregados da Caixa no Conselho de Administra\u00e7\u00e3o da empresa e a Contraf-CUT, apresentou o painel sobre a Caixa e discorreu sobre as iniciativas privatistas do governo Temer, em especial no caso dos bancos p\u00fablicos.<\/p>\n<p>J\u00e1 a Jornada Latino-americana pela Democracia e contra o Neoliberalismo, entre os dias 16 e 18, pretende ser um espa\u00e7o de conflu\u00eancia de diferentes express\u00f5es organizadas de todo o continente, reunindo mulheres, jovens, ind\u00edgenas, camponeses, intelectuais, ativistas para a diversidade sexual e sindicalistas em uma agenda comum que priorize a defesa da democracia, soberania e integra\u00e7\u00e3o dos povos.<\/p>\n<p><strong>Fonte: Contraf-CUT<\/strong><\/p>\n","protected":false},"excerpt":{"rendered":"<p>A Contraf-CUT participa, nesta ter\u00e7a-feira (14) e quarta-feira (15), da IV Reuni\u00e3o da Alian\u00e7a Latino-americana em Defesa dos Bancos P\u00fablicos, promovida pela Uni Am\u00e9ricas Finan\u00e7as, em Montevideo, no Uruguai. O evento ser\u00e1 seguido da Jornada Latino-americana pela Democracia e contra o Neoliberalismo, entre os dias 16 e 18. No primeiro dia de debates, j\u00e1 ficou [&hellip;]<\/p>\n","protected":false},"author":2,"featured_media":3388,"comment_status":"","ping_status":"","sticky":false,"template":"","format":"standard","meta":{"footnotes":""},"categories":[3],"tags":[],"class_list":["post-3389","post","type-post","status-publish","format-standard","has-post-thumbnail","hentry","category-noticias"],"_links":{"self":[{"href":"https:\/\/hostnetart.com.br\/baixada\/wp-json\/wp\/v2\/posts\/3389","targetHints":{"allow":["GET"]}}],"collection":[{"href":"https:\/\/hostnetart.com.br\/baixada\/wp-json\/wp\/v2\/posts"}],"about":[{"href":"https:\/\/hostnetart.com.br\/baixada\/wp-json\/wp\/v2\/types\/post"}],"author":[{"embeddable":true,"href":"https:\/\/hostnetart.com.br\/baixada\/wp-json\/wp\/v2\/users\/2"}],"replies":[{"embeddable":true,"href":"https:\/\/hostnetart.com.br\/baixada\/wp-json\/wp\/v2\/comments?post=3389"}],"version-history":[{"count":0,"href":"https:\/\/hostnetart.com.br\/baixada\/wp-json\/wp\/v2\/posts\/3389\/revisions"}],"wp:featuredmedia":[{"embeddable":true,"href":"https:\/\/hostnetart.com.br\/baixada\/wp-json\/wp\/v2\/media\/3388"}],"wp:attachment":[{"href":"https:\/\/hostnetart.com.br\/baixada\/wp-json\/wp\/v2\/media?parent=3389"}],"wp:term":[{"taxonomy":"category","embeddable":true,"href":"https:\/\/hostnetart.com.br\/baixada\/wp-json\/wp\/v2\/categories?post=3389"},{"taxonomy":"post_tag","embeddable":true,"href":"https:\/\/hostnetart.com.br\/baixada\/wp-json\/wp\/v2\/tags?post=3389"}],"curies":[{"name":"wp","href":"https:\/\/api.w.org\/{rel}","templated":true}]}}