{"id":3383,"date":"2017-11-16T14:27:40","date_gmt":"2017-11-16T16:27:40","guid":{"rendered":"https:\/\/hostnetart.com.br\/baixada\/mobilizacao-e-fortalecimento-de-sindicatos-sao-a-unica-saida-para-impedir-retirada-de-direitos\/"},"modified":"2017-11-16T14:27:40","modified_gmt":"2017-11-16T16:27:40","slug":"mobilizacao-e-fortalecimento-de-sindicatos-sao-a-unica-saida-para-impedir-retirada-de-direitos","status":"publish","type":"post","link":"https:\/\/hostnetart.com.br\/baixada\/mobilizacao-e-fortalecimento-de-sindicatos-sao-a-unica-saida-para-impedir-retirada-de-direitos\/","title":{"rendered":"Mobiliza\u00e7\u00e3o e fortalecimento de sindicatos s\u00e3o a \u00fanica sa\u00edda para impedir retirada de direitos"},"content":{"rendered":"<p><strong>Trabalhadores protestam contra novas regras trabalhistas e lutam contra a Reforma da Previd\u00eancia. Acordo de dois anos dos banc\u00e1rios foi estrat\u00e9gia vitoriosa para impedir efeitos nocivos e imediatos da Reforma Trabalhista<\/strong><\/p>\n<p>Com um Dia Nacional de Protestos e Paralisa\u00e7\u00f5es, convocado pelas centrais sindicais, nesta sexta-feira (10\/11), banc\u00e1rios e demais trabalhadores mostraram com greves e manifesta\u00e7\u00f5es em todo o pa\u00eds que a luta contra a aplica\u00e7\u00e3o das novas regras trabalhistas, que entraram em vigor no s\u00e1bado (11), vai continuar. Para o diretor da CUT\/RJ, o metal\u00fargico Jadir Baptista, est\u00e1 em curso a intensifica\u00e7\u00e3o de um processo de mobiliza\u00e7\u00f5es contra estas mudan\u00e7as, da qual fazem parte, ainda, medidas judiciais contestando a constitucionalidade das novas regras.<br \/> \u201cCom a reforma trabalhista, o governo golpista de Temer e o Congresso Nacional revogaram a Lei \u00c1urea, colocando a n\u00f3s, trabalhadores, na condi\u00e7\u00e3o de semiescravos. E isto vamos combater e reverter nas ruas\u201d, defendeu durante a passeata que percorreu toda a Avenida Rio Branco, a partir da Candel\u00e1ria, encerrando o Dia de Protestos e Paralisa\u00e7\u00f5es no Rio de Janeiro.<br \/> <strong>Reforma da Previd\u00eancia<\/strong><br \/> \u201cEsta foi uma mobiliza\u00e7\u00e3o tamb\u00e9m contra a reforma da Previd\u00eancia, que tramita no Congresso Nacional, contra a aplica\u00e7\u00e3o da lei da terceiriza\u00e7\u00e3o irrestrita e as privatiza\u00e7\u00f5es das estatais, da sa\u00fade e educa\u00e7\u00e3o p\u00fablicas que este governo golpista vem tentando impor ao povo brasileiro\u201d, disse Paulo S\u00e9rgio Farias, presidente da CTB no Rio de Janeiro. Parlamentares de partidos de oposi\u00e7\u00e3o tamb\u00e9m participaram da passeata.<br \/> Antes de seguir para a Cinel\u00e2ndia, a manifesta\u00e7\u00e3o parou em frente ao pr\u00e9dio da Caixa Econ\u00f4mica Federal na Avenida Almirante Barroso. A deputada Jandira Feghali (PCdoB-RJ), lembrou que al\u00e9m da retirada de direitos, faz parte da agenda do golpe capitaneado por Temer, seu partido o PMDB, o PSDB, DEM e PRB, a retomada do processo de privatiza\u00e7\u00e3o das estatais como a Caixa, o Banco do Brasil, a Petrobras, Eletrobras e Furnas. \u201cNa calada da noite Temer editou um decreto que acelera a privatiza\u00e7\u00e3o das empresas p\u00fablicas para entreg\u00e1-las aos grandes grupos econ\u00f4micos nacionais e estrangeiros\u201d, afirmou.<br \/> <strong>Interrup\u00e7\u00e3o de vias<\/strong><br \/> Al\u00e9m das passeatas e atos p\u00fablicos, v\u00e1rias categorias fizeram paralisa\u00e7\u00f5es em diversos estados, como os banc\u00e1rios que, no Rio de Janeiro, pararam as ag\u00eancias da Avenida Rio Branco. Houve paralisa\u00e7\u00e3o, ainda, dos petroleiros \u2013 na Refinaria Duque de Caxias e nos terminais Aquavi\u00e1rio da Bahia de Guanabara e da Ba\u00eda de Ilha Grande \u2013 dos servidores da Funda\u00e7\u00e3o Oswaldo Cruz, das universidades federais (que come\u00e7aram nesta sexta uma greve por tempo indeterminado), de hospitais federais e do Col\u00e9gio Pedro II.<br \/> Desde a madrugada houve atos que interromperam importantes vias como a Ponte Rio Niter\u00f3i e a Avenida Francisco Bicalho, com a queima de pneus. Uma passeata, \u00e0s 10 horas, paralisou parcialmente a Avenida Brasil, na altura do Instituto de Traumatologia e Ortopedia (Into), com a participa\u00e7\u00e3o de servidores da sa\u00fade federal, portu\u00e1rios, estivadores, metal\u00fargicos e estudantes. Por volta das 13 horas, servidores da educa\u00e7\u00e3o e da sa\u00fade municipal e estadual fizeram um grande ato em frente \u00e0 Prefeitura.\u00a0<\/p>\n","protected":false},"excerpt":{"rendered":"<p>Trabalhadores protestam contra novas regras trabalhistas e lutam contra a Reforma da Previd\u00eancia. Acordo de dois anos dos banc\u00e1rios foi estrat\u00e9gia vitoriosa para impedir efeitos nocivos e imediatos da Reforma Trabalhista Com um Dia Nacional de Protestos e Paralisa\u00e7\u00f5es, convocado pelas centrais sindicais, nesta sexta-feira (10\/11), banc\u00e1rios e demais trabalhadores mostraram com greves e manifesta\u00e7\u00f5es [&hellip;]<\/p>\n","protected":false},"author":2,"featured_media":3382,"comment_status":"","ping_status":"","sticky":false,"template":"","format":"standard","meta":{"footnotes":""},"categories":[3],"tags":[],"class_list":["post-3383","post","type-post","status-publish","format-standard","has-post-thumbnail","hentry","category-noticias"],"_links":{"self":[{"href":"https:\/\/hostnetart.com.br\/baixada\/wp-json\/wp\/v2\/posts\/3383","targetHints":{"allow":["GET"]}}],"collection":[{"href":"https:\/\/hostnetart.com.br\/baixada\/wp-json\/wp\/v2\/posts"}],"about":[{"href":"https:\/\/hostnetart.com.br\/baixada\/wp-json\/wp\/v2\/types\/post"}],"author":[{"embeddable":true,"href":"https:\/\/hostnetart.com.br\/baixada\/wp-json\/wp\/v2\/users\/2"}],"replies":[{"embeddable":true,"href":"https:\/\/hostnetart.com.br\/baixada\/wp-json\/wp\/v2\/comments?post=3383"}],"version-history":[{"count":0,"href":"https:\/\/hostnetart.com.br\/baixada\/wp-json\/wp\/v2\/posts\/3383\/revisions"}],"wp:featuredmedia":[{"embeddable":true,"href":"https:\/\/hostnetart.com.br\/baixada\/wp-json\/wp\/v2\/media\/3382"}],"wp:attachment":[{"href":"https:\/\/hostnetart.com.br\/baixada\/wp-json\/wp\/v2\/media?parent=3383"}],"wp:term":[{"taxonomy":"category","embeddable":true,"href":"https:\/\/hostnetart.com.br\/baixada\/wp-json\/wp\/v2\/categories?post=3383"},{"taxonomy":"post_tag","embeddable":true,"href":"https:\/\/hostnetart.com.br\/baixada\/wp-json\/wp\/v2\/tags?post=3383"}],"curies":[{"name":"wp","href":"https:\/\/api.w.org\/{rel}","templated":true}]}}