{"id":3371,"date":"2017-11-14T12:07:12","date_gmt":"2017-11-14T14:07:12","guid":{"rendered":"https:\/\/hostnetart.com.br\/baixada\/oficina-de-jovens-sindicalizadores-da-uni-americas-discute-processos-de-sindicalizacao\/"},"modified":"2017-11-14T12:07:12","modified_gmt":"2017-11-14T14:07:12","slug":"oficina-de-jovens-sindicalizadores-da-uni-americas-discute-processos-de-sindicalizacao","status":"publish","type":"post","link":"https:\/\/hostnetart.com.br\/baixada\/oficina-de-jovens-sindicalizadores-da-uni-americas-discute-processos-de-sindicalizacao\/","title":{"rendered":"Oficina de Jovens Sindicalizadores da UNI Am\u00e9ricas discute processos de sindicaliza\u00e7\u00e3o"},"content":{"rendered":"<p>A Oficina de Jovens Sindicalizadores da UNI Am\u00e9ricas 2017, que acontece em Montevid\u00e9u, no Uruguai, come\u00e7ou neste domingo (12) e reunir\u00e1, at\u00e9 o dia 15 de novembro, cerca de 30 jovens dos pa\u00edses: Trinidad e Tobago, Santa Lucia, Bahamas, Brasil, Argentina, Uruguai, Chile, Col\u00f4mbia, Nicar\u00e1gua e Estados Unidos, para discutir a import\u00e2ncia de envolver a juventude nos processos de sindicaliza\u00e7\u00e3o.<\/p>\n<p>A abertura do evento contou com a participa\u00e7\u00e3o do secret\u00e1rio Regional da Uni Am\u00e9ricas e dirigente da Contraf-CUT, Marcio Monzane, do secret\u00e1rio de Rela\u00e7\u00f5es Internacionais da Contraf-CUT, Mario Raia e dos representantes do Comit\u00ea UNI Jovens, Katlin Salles, Lucimara Malaquias, Marcio Vieira e Fernanda Lopes.<\/p>\n<p>Para Mario Raia, o objetivo da oficina \u00e9 construir rela\u00e7\u00f5es, conhecer as bases e levantar a quest\u00e3o sobre como trabalhar com as organiza\u00e7\u00f5es e sindicato. \u201cPara atingir esses objetivos, inicialmente, a oficina levou os pr\u00f3prios participantes a se questionarem e trocarem experi\u00eancias sobre porque se filiaram a um sindicato. H\u00e1 diferentes raz\u00f5es e todas s\u00e3o importantes de se entendem para o momento de contato com o trabalhador\u201d, explicou.<\/p>\n<p>O encontro refor\u00e7a a import\u00e2ncia de um mapeamento de trabalho, identifica\u00e7\u00e3o de potenciais l\u00edderes entre os trabalhadores, al\u00e9m de realizar experi\u00eancias pr\u00e1ticas e trabalhos em grupo. No pen\u00faltimo dia, os jovens realizar\u00e3o visitas \u00e0 diferentes lugares de trabalho, na capital uruguaia, para um contato maior com o trabalhador.<\/p>\n<p>O \u00faltimo dia de evento contar\u00e1 com a exposi\u00e7\u00e3o de Tatiane da Cruz Oliveira, representante do Levante Popular da Juventude, convidada pela Contraf-CUT e pela UNI Am\u00e9ricas Juventude.<\/p>\n<p>Participam do encontro tamb\u00e9m a Natalie Patrick-Knox, da Organiza\u00e7\u00e3o Comunit\u00e1ria norte-americana Jobs With Justice, (que muito tem apoiado a campanha da UNI, liderada pela CONTRAF-CUT e CWA, de organiza\u00e7\u00e3o dos trabalhadores banc\u00e1rios americanos) e Erick Mu\u00f1oz do Movimento estudantil chileno.<\/p>\n<p>\u201cMais do que compartilhar experi\u00eancias, o evento contribui para a forma\u00e7\u00e3o pol\u00edtica e emponderamento dos jovens dirigentes, a partir de experi\u00eancias individuais pretendemos construir a\u00e7\u00f5es coletivas em esfera global. \u00c9 muito positivo a iniciativa da Uni de realizar este evento e envolver jovens dirigentes de diferentes realidades, para desenvolver novos m\u00e9todos de trabalho para o movimento sindical\u201d, finalizou Lucimara Malaquias, vice-presidenta da UNI Am\u00e9ricas Jovens.<\/p>\n<p><strong><em>Em Defesa dos Bancos P\u00fablicos, da Democracia e contra o Neoliberalismo<\/em><\/strong><\/p>\n<p>Paralelamente, nos dias 14 e 15 de novembro, a UNI promove tamb\u00e9m a Reuni\u00e3o da Alian\u00e7a Latino Americana em Defesa dos Bancos P\u00fablicos.<\/p>\n<p>J\u00e1 nos dias 16, 17 e 18 de novembro acontece a Jornada Continental em Defesa da Democracia e Contra o Neoliberalismo.<\/p>\n<p><strong>Fonte: Contraf-CUT<\/strong><\/p>\n","protected":false},"excerpt":{"rendered":"<p>A Oficina de Jovens Sindicalizadores da UNI Am\u00e9ricas 2017, que acontece em Montevid\u00e9u, no Uruguai, come\u00e7ou neste domingo (12) e reunir\u00e1, at\u00e9 o dia 15 de novembro, cerca de 30 jovens dos pa\u00edses: Trinidad e Tobago, Santa Lucia, Bahamas, Brasil, Argentina, Uruguai, Chile, Col\u00f4mbia, Nicar\u00e1gua e Estados Unidos, para discutir a import\u00e2ncia de envolver a [&hellip;]<\/p>\n","protected":false},"author":2,"featured_media":3370,"comment_status":"","ping_status":"","sticky":false,"template":"","format":"standard","meta":{"footnotes":""},"categories":[3],"tags":[],"class_list":["post-3371","post","type-post","status-publish","format-standard","has-post-thumbnail","hentry","category-noticias"],"_links":{"self":[{"href":"https:\/\/hostnetart.com.br\/baixada\/wp-json\/wp\/v2\/posts\/3371","targetHints":{"allow":["GET"]}}],"collection":[{"href":"https:\/\/hostnetart.com.br\/baixada\/wp-json\/wp\/v2\/posts"}],"about":[{"href":"https:\/\/hostnetart.com.br\/baixada\/wp-json\/wp\/v2\/types\/post"}],"author":[{"embeddable":true,"href":"https:\/\/hostnetart.com.br\/baixada\/wp-json\/wp\/v2\/users\/2"}],"replies":[{"embeddable":true,"href":"https:\/\/hostnetart.com.br\/baixada\/wp-json\/wp\/v2\/comments?post=3371"}],"version-history":[{"count":0,"href":"https:\/\/hostnetart.com.br\/baixada\/wp-json\/wp\/v2\/posts\/3371\/revisions"}],"wp:featuredmedia":[{"embeddable":true,"href":"https:\/\/hostnetart.com.br\/baixada\/wp-json\/wp\/v2\/media\/3370"}],"wp:attachment":[{"href":"https:\/\/hostnetart.com.br\/baixada\/wp-json\/wp\/v2\/media?parent=3371"}],"wp:term":[{"taxonomy":"category","embeddable":true,"href":"https:\/\/hostnetart.com.br\/baixada\/wp-json\/wp\/v2\/categories?post=3371"},{"taxonomy":"post_tag","embeddable":true,"href":"https:\/\/hostnetart.com.br\/baixada\/wp-json\/wp\/v2\/tags?post=3371"}],"curies":[{"name":"wp","href":"https:\/\/api.w.org\/{rel}","templated":true}]}}