{"id":3365,"date":"2017-11-10T16:29:43","date_gmt":"2017-11-10T18:29:43","guid":{"rendered":"https:\/\/hostnetart.com.br\/baixada\/direcao-da-caixa-nao-garante-emprego-e-proposta-e-rejeitada\/"},"modified":"2017-11-10T16:29:43","modified_gmt":"2017-11-10T18:29:43","slug":"direcao-da-caixa-nao-garante-emprego-e-proposta-e-rejeitada","status":"publish","type":"post","link":"https:\/\/hostnetart.com.br\/baixada\/direcao-da-caixa-nao-garante-emprego-e-proposta-e-rejeitada\/","title":{"rendered":"Dire\u00e7\u00e3o da Caixa n\u00e3o garante emprego e proposta \u00e9 rejeitada"},"content":{"rendered":"<p><em><span style=\"text-decoration: underline;\">Institui\u00e7\u00e3o ainda recusou a incorpora\u00e7\u00e3o das fun\u00e7\u00f5es e a assinatura do Termo de Compromisso, que garante o direito dos empregados da Caixa<\/span><\/em><\/p>\n<p>Sem garantia de emprego, n\u00e3o h\u00e1 acordo. A Comiss\u00e3o Executiva dos Empregados da Caixa (CEE\/Caixa) rejeitou ainda na mesa de negocia\u00e7\u00e3o, realizada nesta quinta-feira (9), a proposta da dire\u00e7\u00e3o do banco para alterar o modelo de custeio do Plano de Sa\u00fade Caixa.<\/p>\n<p>A reuni\u00e3o deveria debater a garantia de empregos e de incorpora\u00e7\u00e3o de fun\u00e7\u00e3o, que representa estabilidade de remunera\u00e7\u00e3o dos trabalhadores, e a assinatura do Termo de Compromisso, entregue em mesa dia 26 de outubro e que protege os empregados dos malef\u00edcios da Reforma Trabalhista. No entanto, a Caixa mudou sua estrat\u00e9gia, negou todas essas garantias e retirou todas as quest\u00f5es debatidas ontem.<\/p>\n<p>\u201cOs trabalhadores que foram chamados e lutaram, tamb\u00e9m tiveram disposi\u00e7\u00e3o de negociar. Mas a dire\u00e7\u00e3o do Banco e o Governo Federal, intransigentes, travaram todo e qualquer avan\u00e7o dessa negocia\u00e7\u00e3o, afirmou Dion\u00edsio Reis, coordenador CEE\/ Caixa, que ainda classificou a atitude da Caixa como desrespeitosa. \u201cO Termo de Compromisso, a garantia de empregos e das fun\u00e7\u00f5es dos empregados da Caixa representam as conquistas que esses trabalhadores tiveram em suas carreiras, al\u00e9m das lutas hist\u00f3rica de d\u00e9cada da categoria banc\u00e1ria, que n\u00e3o pode ser amea\u00e7ada dessa forma e muito menos arrancada. N\u00f3s, empregados da Caixa, n\u00e3o aceitamos nenhum tipo de retrocesso.\u201d<\/p>\n<p>Este embate come\u00e7ou no final de outubro, quando, sob alega\u00e7\u00e3o de que precisa se adequar as regras estabelecidas pelo Basileia 3, a Caixa informou que est\u00e1 empenhada em mudar o modelo de custeio do Sa\u00fade Caixa. Para isso, poder\u00e1, inclusive, mudar o estatuto da empresa, estabelecendo um teto de 6,5% da folha de pagamento anual como limitador para despesas com o plano.<\/p>\n<p>De acordo com o coordenador CEE\/ Caixa, este informe s\u00f3 foi feito por conta do Acordo Coletivo de Trabalho, com validade de dois anos, no qual constam todas as conquistas hist\u00f3ricas espec\u00edficas dos empregados da Caixa, inclusive regra de custeio do Sa\u00fade Caixa. \u201cA Caixa amea\u00e7a fazer as altera\u00e7\u00f5es de qualquer forma, via estatuto. A \u00fanica raz\u00e3o para buscar a negocia\u00e7\u00e3o \u00e9 nossa garantia, conquistada pela nossa for\u00e7a de mobiliza na greve de 31 dias, no ano passado, e nas greves gerais, em 2017\u201d, lembrou.<\/p>\n<p>Durante seu \u00faltimo encontro, o Comando Nacional dos Banc\u00e1rios avaliou que os empregados deveriam buscar garantias na negocia\u00e7\u00e3o, visto que o banco impunha mudan\u00e7as no modelo de custeio do Sa\u00fade Caixa com o objetivo de reduzir as provis\u00f5es que o banco \u00e9 obrigado a fazer para cobrir despesas futuras com o plano de sa\u00fade. A medida liberaria bilh\u00f5es de reais, que poderiam fortalecer a base de capital da institui\u00e7\u00e3o mantendo linhas de cr\u00e9dito do banco federal. Com o decreto publicado no dia 1 de novembro, que cria um regime especial para venda de seus ativos, o risco de privatiza\u00e7\u00e3o fica cada vez maior.<\/p>\n<p>\u201cA defesa da Caixa 100% P\u00fablica \u00e9 uma defesa dos empregados da Caixa e acima disso uma defesa do povo brasileiro. Nossa luta \u00e9 por moradia, sa\u00fade, educa\u00e7\u00e3o, pol\u00edticas p\u00fablicas e mais qualidade de vida. S\u00f3 a luta nos garante\u201d, finalizou Dion\u00edsio Reis.<\/p>\n<p>A Confedera\u00e7\u00e3o Nacional dos Trabalhadores do Ramo Financeiro (Contraf-CUT), a Central \u00danica dos Trabalhadores (CUT) e demais centrais sindicais convocam os trabalhadores para ir \u00e0s ruas contra as reformas Trabalhista e da Previd\u00eancia (PEC 287), do governo ileg\u00edtimo de Temer. As mobiliza\u00e7\u00f5es v\u00e3o acontecer em todo o pa\u00eds, nesta sexta-feira (10), v\u00e9spera da entrada em vigor das novas regras.<\/p>\n<p><strong>Fonte: Contraf-CUT<\/strong><\/p>\n","protected":false},"excerpt":{"rendered":"<p>Institui\u00e7\u00e3o ainda recusou a incorpora\u00e7\u00e3o das fun\u00e7\u00f5es e a assinatura do Termo de Compromisso, que garante o direito dos empregados da Caixa Sem garantia de emprego, n\u00e3o h\u00e1 acordo. A Comiss\u00e3o Executiva dos Empregados da Caixa (CEE\/Caixa) rejeitou ainda na mesa de negocia\u00e7\u00e3o, realizada nesta quinta-feira (9), a proposta da dire\u00e7\u00e3o do banco para alterar [&hellip;]<\/p>\n","protected":false},"author":2,"featured_media":3364,"comment_status":"","ping_status":"","sticky":false,"template":"","format":"standard","meta":{"footnotes":""},"categories":[3],"tags":[],"class_list":["post-3365","post","type-post","status-publish","format-standard","has-post-thumbnail","hentry","category-noticias"],"_links":{"self":[{"href":"https:\/\/hostnetart.com.br\/baixada\/wp-json\/wp\/v2\/posts\/3365","targetHints":{"allow":["GET"]}}],"collection":[{"href":"https:\/\/hostnetart.com.br\/baixada\/wp-json\/wp\/v2\/posts"}],"about":[{"href":"https:\/\/hostnetart.com.br\/baixada\/wp-json\/wp\/v2\/types\/post"}],"author":[{"embeddable":true,"href":"https:\/\/hostnetart.com.br\/baixada\/wp-json\/wp\/v2\/users\/2"}],"replies":[{"embeddable":true,"href":"https:\/\/hostnetart.com.br\/baixada\/wp-json\/wp\/v2\/comments?post=3365"}],"version-history":[{"count":0,"href":"https:\/\/hostnetart.com.br\/baixada\/wp-json\/wp\/v2\/posts\/3365\/revisions"}],"wp:featuredmedia":[{"embeddable":true,"href":"https:\/\/hostnetart.com.br\/baixada\/wp-json\/wp\/v2\/media\/3364"}],"wp:attachment":[{"href":"https:\/\/hostnetart.com.br\/baixada\/wp-json\/wp\/v2\/media?parent=3365"}],"wp:term":[{"taxonomy":"category","embeddable":true,"href":"https:\/\/hostnetart.com.br\/baixada\/wp-json\/wp\/v2\/categories?post=3365"},{"taxonomy":"post_tag","embeddable":true,"href":"https:\/\/hostnetart.com.br\/baixada\/wp-json\/wp\/v2\/tags?post=3365"}],"curies":[{"name":"wp","href":"https:\/\/api.w.org\/{rel}","templated":true}]}}