{"id":3359,"date":"2017-11-10T16:22:03","date_gmt":"2017-11-10T18:22:03","guid":{"rendered":"https:\/\/hostnetart.com.br\/baixada\/bancarios-da-baixada-fluminense-fazem-ato-no-dia-nacional-de-paralisacao-e-luta\/"},"modified":"2017-11-10T16:22:03","modified_gmt":"2017-11-10T18:22:03","slug":"bancarios-da-baixada-fluminense-fazem-ato-no-dia-nacional-de-paralisacao-e-luta","status":"publish","type":"post","link":"https:\/\/hostnetart.com.br\/baixada\/bancarios-da-baixada-fluminense-fazem-ato-no-dia-nacional-de-paralisacao-e-luta\/","title":{"rendered":"Banc\u00e1rios da Baixada Fluminense fazem ato no Dia Nacional de Paralisa\u00e7\u00e3o e Luta"},"content":{"rendered":"<p>A Confedera\u00e7\u00e3o Nacional dos Trabalhadores do Ramo Financeiro (Contraf-CUT), a Central \u00danica dos Trabalhadores (CUT) e demais centrais sindicais foram \u00e0s ruas contra as reformas Trabalhista e da Previd\u00eancia (PEC 287), do governo ileg\u00edtimo de Temer.<br \/>Na Baixada Fluminense o ato foi em frente \u00e0 ag\u00eancia da Caixa da Rua Jos\u00e9 de Alvarenga, 271. <\/p>\n","protected":false},"excerpt":{"rendered":"<p>A Confedera\u00e7\u00e3o Nacional dos Trabalhadores do Ramo Financeiro (Contraf-CUT), a Central \u00danica dos Trabalhadores (CUT) e demais centrais sindicais foram \u00e0s ruas contra as reformas Trabalhista e da Previd\u00eancia (PEC 287), do governo ileg\u00edtimo de Temer.Na Baixada Fluminense o ato foi em frente \u00e0 ag\u00eancia da Caixa da Rua Jos\u00e9 de Alvarenga, 271.<\/p>\n","protected":false},"author":2,"featured_media":3358,"comment_status":"","ping_status":"","sticky":false,"template":"","format":"standard","meta":{"footnotes":""},"categories":[3],"tags":[],"class_list":["post-3359","post","type-post","status-publish","format-standard","has-post-thumbnail","hentry","category-noticias"],"_links":{"self":[{"href":"https:\/\/hostnetart.com.br\/baixada\/wp-json\/wp\/v2\/posts\/3359","targetHints":{"allow":["GET"]}}],"collection":[{"href":"https:\/\/hostnetart.com.br\/baixada\/wp-json\/wp\/v2\/posts"}],"about":[{"href":"https:\/\/hostnetart.com.br\/baixada\/wp-json\/wp\/v2\/types\/post"}],"author":[{"embeddable":true,"href":"https:\/\/hostnetart.com.br\/baixada\/wp-json\/wp\/v2\/users\/2"}],"replies":[{"embeddable":true,"href":"https:\/\/hostnetart.com.br\/baixada\/wp-json\/wp\/v2\/comments?post=3359"}],"version-history":[{"count":0,"href":"https:\/\/hostnetart.com.br\/baixada\/wp-json\/wp\/v2\/posts\/3359\/revisions"}],"wp:featuredmedia":[{"embeddable":true,"href":"https:\/\/hostnetart.com.br\/baixada\/wp-json\/wp\/v2\/media\/3358"}],"wp:attachment":[{"href":"https:\/\/hostnetart.com.br\/baixada\/wp-json\/wp\/v2\/media?parent=3359"}],"wp:term":[{"taxonomy":"category","embeddable":true,"href":"https:\/\/hostnetart.com.br\/baixada\/wp-json\/wp\/v2\/categories?post=3359"},{"taxonomy":"post_tag","embeddable":true,"href":"https:\/\/hostnetart.com.br\/baixada\/wp-json\/wp\/v2\/tags?post=3359"}],"curies":[{"name":"wp","href":"https:\/\/api.w.org\/{rel}","templated":true}]}}