{"id":3355,"date":"2017-11-09T14:47:18","date_gmt":"2017-11-09T16:47:18","guid":{"rendered":"https:\/\/hostnetart.com.br\/baixada\/reforma-trabalhista-e-rejeitada-por-81-dos-brasileiros-diz-pesquisa-cut-vox-populi\/"},"modified":"2017-11-09T14:47:18","modified_gmt":"2017-11-09T16:47:18","slug":"reforma-trabalhista-e-rejeitada-por-81-dos-brasileiros-diz-pesquisa-cut-vox-populi","status":"publish","type":"post","link":"https:\/\/hostnetart.com.br\/baixada\/reforma-trabalhista-e-rejeitada-por-81-dos-brasileiros-diz-pesquisa-cut-vox-populi\/","title":{"rendered":"Reforma trabalhista \u00e9 rejeitada por 81% dos brasileiros, diz pesquisa CUT\/Vox Populi"},"content":{"rendered":"<p><em><span style=\"text-decoration: underline;\">Levantamento feito em todo o pa\u00eds mostra reprova\u00e7\u00e3o generalizada \u00e0 nova lei. Centrais e movimentos sociais fazem jornada de protestos nesta sexta-feira<\/span><\/em><\/p>\n<p>A nova legisla\u00e7\u00e3o trabalhista, que entra em vigor a partir deste s\u00e1bado (11), tem a desaprova\u00e7\u00e3o de 81% dos brasileiros. A ampla maioria, 67%, considera que a \u201creforma\u201d s\u00f3 \u00e9 boa para os patr\u00f5es e outros 15%, que n\u00e3o \u00e9 boa para ningu\u00e9m. Os n\u00fameros foram levantados por pelo instituto Vox Populi a pedido da CUT, em pesquisa realizada entre 27 e 31 de outubro. Apenas 6% aprovam as mudan\u00e7as contidas na Lei 13.467, 5% n\u00e3o aprovam nem desaprovam e 8% n\u00e3o sabem ou n\u00e3o responderam.<\/p>\n<p>A CUT orientou sindicatos em todo o pa\u00eds a desencadear campanha para colher assinaturas em apoio a um projeto de lei de iniciativa popular que anule os efeitos da &#8220;reforma&#8221;. Oito centrais sindicais e movimentos sociais realizam nesta sexta-feira (10) uma jornada nacional de protestos contra as reformas do governo Temer que retiram direitos trabalhistas, preparam bancos e empresas p\u00fablicas para privatiza\u00e7\u00f5es e desnacionalizam recursos do pr\u00e9-sal. A revoga\u00e7\u00e3o da medidas do atual governo \u00e9 tamb\u00e9m a principal bandeira de campanha de tr\u00eas pr\u00e9-candidatos \u00e0 presid\u00eancia: Lula (PT), Ciro Gomes (PDT) e Manuela D&#8217;\u00c1vila (PCdoB).<\/p>\n<p>A \u201creforma\u201d trabalhista encaminhada por Temer e aprovada pelo Congresso Nacional alterou mais de 100 itens da Consolida\u00e7\u00e3o das Leis do Trabalho (CLT). Entre as mudan\u00e7as, est\u00e3o negocia\u00e7\u00f5es individuais entre patr\u00f5es e empregados, sem a presen\u00e7a do sindicato, para assinar acordos de demiss\u00e3o, jornada de trabalho, banco de horas, parcelamento de f\u00e9rias e intervalos para amamenta\u00e7\u00e3o. Outra novidade \u00e9 a legaliza\u00e7\u00e3o do contrato de trabalho sem v\u00ednculo, sem direitos e garantias, chamado de trabalho intermitente. O trabalhador s\u00f3 trabalha quando for chamado pelo patr\u00e3o, e recebe de acordo com as horas de servi\u00e7o prestadas. N\u00e3o h\u00e1 garantia nenhuma de que ser\u00e1 chamado a trabalhar.<\/p>\n<p>O maior \u00edndice de rejei\u00e7\u00e3o encontrado na pesquisa CUT\/Vox foi registrado no Sudeste (89,%). No Nordeste, a rejei\u00e7\u00e3o \u00e0s mudan\u00e7as \u00e9 de 81%; no Centro-Oeste\/Norte, 78%; e, no Sul, 60%. \u201cQuanto mais se informam sobre a reforma, mais os trabalhadores rejeitam as mudan\u00e7as na CLT que o empresariado mais conservador e ganancioso mandou Temer encaminhar para aprova\u00e7\u00e3o no Congresso\u201d, diz o presidente da CUT, Vagner Freitas. \u201cA lei legaliza o bico, d\u00e1 seguran\u00e7a jur\u00eddica para os maus empres\u00e1rios explorarem trabalhadores.\u201d<\/p>\n<p>A nova rodada da pesquisa CUT-VOX foi realizada em 118 munic\u00edpios. Foram entrevistados 2 mil pessoas com mais de 16 anos de idade, residentes em \u00e1reas urbanas e rurais, de todos os estados e do Distrito Federal, em capitais, regi\u00f5es metropolitanas e no interior, em todos os segmentos sociais e econ\u00f4micos. A margem de erro \u00e9 de 2,2%, estimada em um intervalo de confian\u00e7a de 95%.<\/p>\n<p><strong>Fonte: Rede Brasil Atual<\/strong><\/p>\n","protected":false},"excerpt":{"rendered":"<p>Levantamento feito em todo o pa\u00eds mostra reprova\u00e7\u00e3o generalizada \u00e0 nova lei. Centrais e movimentos sociais fazem jornada de protestos nesta sexta-feira A nova legisla\u00e7\u00e3o trabalhista, que entra em vigor a partir deste s\u00e1bado (11), tem a desaprova\u00e7\u00e3o de 81% dos brasileiros. A ampla maioria, 67%, considera que a \u201creforma\u201d s\u00f3 \u00e9 boa para os [&hellip;]<\/p>\n","protected":false},"author":2,"featured_media":3354,"comment_status":"","ping_status":"","sticky":false,"template":"","format":"standard","meta":{"footnotes":""},"categories":[3],"tags":[],"class_list":["post-3355","post","type-post","status-publish","format-standard","has-post-thumbnail","hentry","category-noticias"],"_links":{"self":[{"href":"https:\/\/hostnetart.com.br\/baixada\/wp-json\/wp\/v2\/posts\/3355","targetHints":{"allow":["GET"]}}],"collection":[{"href":"https:\/\/hostnetart.com.br\/baixada\/wp-json\/wp\/v2\/posts"}],"about":[{"href":"https:\/\/hostnetart.com.br\/baixada\/wp-json\/wp\/v2\/types\/post"}],"author":[{"embeddable":true,"href":"https:\/\/hostnetart.com.br\/baixada\/wp-json\/wp\/v2\/users\/2"}],"replies":[{"embeddable":true,"href":"https:\/\/hostnetart.com.br\/baixada\/wp-json\/wp\/v2\/comments?post=3355"}],"version-history":[{"count":0,"href":"https:\/\/hostnetart.com.br\/baixada\/wp-json\/wp\/v2\/posts\/3355\/revisions"}],"wp:featuredmedia":[{"embeddable":true,"href":"https:\/\/hostnetart.com.br\/baixada\/wp-json\/wp\/v2\/media\/3354"}],"wp:attachment":[{"href":"https:\/\/hostnetart.com.br\/baixada\/wp-json\/wp\/v2\/media?parent=3355"}],"wp:term":[{"taxonomy":"category","embeddable":true,"href":"https:\/\/hostnetart.com.br\/baixada\/wp-json\/wp\/v2\/categories?post=3355"},{"taxonomy":"post_tag","embeddable":true,"href":"https:\/\/hostnetart.com.br\/baixada\/wp-json\/wp\/v2\/tags?post=3355"}],"curies":[{"name":"wp","href":"https:\/\/api.w.org\/{rel}","templated":true}]}}