{"id":3351,"date":"2017-11-09T14:39:22","date_gmt":"2017-11-09T16:39:22","guid":{"rendered":"https:\/\/hostnetart.com.br\/baixada\/representantes-dos-empregados-cobram-nova-proposta-sobre-saude-caixa\/"},"modified":"2017-11-09T14:39:22","modified_gmt":"2017-11-09T16:39:22","slug":"representantes-dos-empregados-cobram-nova-proposta-sobre-saude-caixa","status":"publish","type":"post","link":"https:\/\/hostnetart.com.br\/baixada\/representantes-dos-empregados-cobram-nova-proposta-sobre-saude-caixa\/","title":{"rendered":"Representantes dos empregados cobram nova proposta sobre Sa\u00fade Caixa"},"content":{"rendered":"<p><em><span style=\"text-decoration: underline;\">A negocia\u00e7\u00e3o com a dire\u00e7\u00e3o do banco ser\u00e1 retomada na manh\u00e3 de hoje, \u00e0s 11h<\/span><\/em><\/p>\n<p>Foi realizada na tarde desta quarta-feira (8), em S\u00e3o Paulo (SP), reuni\u00e3o entre a Comiss\u00e3o Executiva dos Empregados da Caixa (CEE\/Caixa) e o GT Sa\u00fade Caixa para debater os impactos da dr\u00e1stica proposta da dire\u00e7\u00e3o do banco para alterar o modelo de custeio do plano de sa\u00fade, apresentada na negocia\u00e7\u00e3o ocorrida pela manh\u00e3. O debate entre os representantes dos trabalhadores e a empresa ser\u00e1 retomado na manh\u00e3 desta quinta-feira (9), \u00e0s 11h.<\/p>\n<p>A Caixa concordou em transformar o Conselho de Usu\u00e1rios do Sa\u00fade Caixa em deliberativo, mas com um voto de Minerva, e tamb\u00e9m com a segrega\u00e7\u00e3o cont\u00e1bil das contas. Outras duas reivindica\u00e7\u00f5es da categoria foram atendidas: manuten\u00e7\u00e3o dos valores do plano, sem aumento abusivo, e do modelo de custeio, at\u00e9 31\/12\/2019. Os trabalhadores ainda garantiram um Grupo de Trabalho para discutir o contencioso da Funcef.<\/p>\n<p>\u201cApesar da melhoria na proposta da Caixa quanto ao poss\u00edvel acordo, ela ainda \u00e9 insuficiente como garantia aos empregados. Nossa expectativa \u00e9 que a dire\u00e7\u00e3o do banco leve, nesta quinta, a proposta que levaremos \u00e0 categoria, que j\u00e1 est\u00e1 indignada com a implanta\u00e7\u00e3o de teto pelo banco em seu plano de sa\u00fade e cobra por nenhum direito a menos\u201d, afirma Dion\u00edsio Reis, coordenador da CEE\/Caixa e diretor da Fenae.<\/p>\n<p><strong>Fonte: Fenae<\/strong><\/p>\n","protected":false},"excerpt":{"rendered":"<p>A negocia\u00e7\u00e3o com a dire\u00e7\u00e3o do banco ser\u00e1 retomada na manh\u00e3 de hoje, \u00e0s 11h Foi realizada na tarde desta quarta-feira (8), em S\u00e3o Paulo (SP), reuni\u00e3o entre a Comiss\u00e3o Executiva dos Empregados da Caixa (CEE\/Caixa) e o GT Sa\u00fade Caixa para debater os impactos da dr\u00e1stica proposta da dire\u00e7\u00e3o do banco para alterar o [&hellip;]<\/p>\n","protected":false},"author":2,"featured_media":3350,"comment_status":"","ping_status":"","sticky":false,"template":"","format":"standard","meta":{"footnotes":""},"categories":[3],"tags":[],"class_list":["post-3351","post","type-post","status-publish","format-standard","has-post-thumbnail","hentry","category-noticias"],"_links":{"self":[{"href":"https:\/\/hostnetart.com.br\/baixada\/wp-json\/wp\/v2\/posts\/3351","targetHints":{"allow":["GET"]}}],"collection":[{"href":"https:\/\/hostnetart.com.br\/baixada\/wp-json\/wp\/v2\/posts"}],"about":[{"href":"https:\/\/hostnetart.com.br\/baixada\/wp-json\/wp\/v2\/types\/post"}],"author":[{"embeddable":true,"href":"https:\/\/hostnetart.com.br\/baixada\/wp-json\/wp\/v2\/users\/2"}],"replies":[{"embeddable":true,"href":"https:\/\/hostnetart.com.br\/baixada\/wp-json\/wp\/v2\/comments?post=3351"}],"version-history":[{"count":0,"href":"https:\/\/hostnetart.com.br\/baixada\/wp-json\/wp\/v2\/posts\/3351\/revisions"}],"wp:featuredmedia":[{"embeddable":true,"href":"https:\/\/hostnetart.com.br\/baixada\/wp-json\/wp\/v2\/media\/3350"}],"wp:attachment":[{"href":"https:\/\/hostnetart.com.br\/baixada\/wp-json\/wp\/v2\/media?parent=3351"}],"wp:term":[{"taxonomy":"category","embeddable":true,"href":"https:\/\/hostnetart.com.br\/baixada\/wp-json\/wp\/v2\/categories?post=3351"},{"taxonomy":"post_tag","embeddable":true,"href":"https:\/\/hostnetart.com.br\/baixada\/wp-json\/wp\/v2\/tags?post=3351"}],"curies":[{"name":"wp","href":"https:\/\/api.w.org\/{rel}","templated":true}]}}