{"id":3349,"date":"2017-11-09T14:37:36","date_gmt":"2017-11-09T16:37:36","guid":{"rendered":"https:\/\/hostnetart.com.br\/baixada\/empregados-da-caixa-arrancam-proposta-mas-ainda-insuficiente-sobre-saude-caixa\/"},"modified":"2017-11-09T14:37:36","modified_gmt":"2017-11-09T16:37:36","slug":"empregados-da-caixa-arrancam-proposta-mas-ainda-insuficiente-sobre-saude-caixa","status":"publish","type":"post","link":"https:\/\/hostnetart.com.br\/baixada\/empregados-da-caixa-arrancam-proposta-mas-ainda-insuficiente-sobre-saude-caixa\/","title":{"rendered":"Empregados da Caixa arrancam proposta, mas ainda insuficiente sobre Sa\u00fade Caixa"},"content":{"rendered":"<p>Os empregados da Caixa arrancaram uma proposta melhor, mas ainda insuficiente, durante a reuni\u00e3o realizada na manh\u00e3 desta quarta-feira (8), em S\u00e3o Paulo, entre a Comiss\u00e3o Executiva dos Empregados (CEE\/Caixa), que assessora o Comando Nacional dos Banc\u00e1rios nas negocia\u00e7\u00f5es, e a dire\u00e7\u00e3o do banco. O encontro foi marcado para a Caixa dar um retorno \u00e0s cobran\u00e7as feitas pelos empregados, ap\u00f3s a institui\u00e7\u00e3o informar altera\u00e7\u00f5es no Sa\u00fade Caixa, no \u00faltimo encontro da mesa permanente de negocia\u00e7\u00e3o.<\/p>\n<p>A Caixa concordou em transformar o Conselho do Usu\u00e1rio em deliberativo, por\u00e9m, com um voto de minerva, e com a segrega\u00e7\u00e3o cont\u00e1bil das contas. O banco atendeu outras duas reivindica\u00e7\u00f5es da classe trabalhadora e informou que garante a manuten\u00e7\u00e3o dos valores do Sa\u00fade Caixa, sem aumento abusivo, e a manuten\u00e7\u00e3o do modelo de custeio, at\u00e9 31\/12\/2019. Os trabalhadores ainda garantiram um Grupo de Trabalho (GT), entre empregados e a Caixa, para discutir o contesioso da Funcef.<\/p>\n<p>Os representantes dos trabalhadores cobraram ainda a quest\u00e3o da incorpora\u00e7\u00e3o de fun\u00e7\u00e3o dos trabalhadores, garantia de emprego, visto que j\u00e1 houve uma s\u00e9rie de demiss\u00f5es em empresas estatais, e a assinatura dos 19 pontos do Termo de Compromisso, entregue no dia 27 de outubro.<\/p>\n<p>\u201cQualquer garantia que os empregados conquistarem \u00e9 fruto da forte greve de mais de 30 dias em 2016 e das paralisa\u00e7\u00f5es pela Greve Geral neste ano\u201d, afirmou Dion\u00edsio Reis, coordenador do CEE\/ Caixa.<\/p>\n<p>Os empregados voltam a se reunir com a Caixa nesta quinta-feira (9).<\/p>\n<p>Antes do in\u00edcio do encontro, os trabalhadores fizeram um ato em defesa da Caixa 100%, contra os ataques que a Caixa vem sofrendo.<\/p>\n<p><strong>Fonte: Contraf-CUT<\/strong><\/p>\n","protected":false},"excerpt":{"rendered":"<p>Os empregados da Caixa arrancaram uma proposta melhor, mas ainda insuficiente, durante a reuni\u00e3o realizada na manh\u00e3 desta quarta-feira (8), em S\u00e3o Paulo, entre a Comiss\u00e3o Executiva dos Empregados (CEE\/Caixa), que assessora o Comando Nacional dos Banc\u00e1rios nas negocia\u00e7\u00f5es, e a dire\u00e7\u00e3o do banco. O encontro foi marcado para a Caixa dar um retorno \u00e0s [&hellip;]<\/p>\n","protected":false},"author":2,"featured_media":3348,"comment_status":"","ping_status":"","sticky":false,"template":"","format":"standard","meta":{"footnotes":""},"categories":[3],"tags":[],"class_list":["post-3349","post","type-post","status-publish","format-standard","has-post-thumbnail","hentry","category-noticias"],"_links":{"self":[{"href":"https:\/\/hostnetart.com.br\/baixada\/wp-json\/wp\/v2\/posts\/3349","targetHints":{"allow":["GET"]}}],"collection":[{"href":"https:\/\/hostnetart.com.br\/baixada\/wp-json\/wp\/v2\/posts"}],"about":[{"href":"https:\/\/hostnetart.com.br\/baixada\/wp-json\/wp\/v2\/types\/post"}],"author":[{"embeddable":true,"href":"https:\/\/hostnetart.com.br\/baixada\/wp-json\/wp\/v2\/users\/2"}],"replies":[{"embeddable":true,"href":"https:\/\/hostnetart.com.br\/baixada\/wp-json\/wp\/v2\/comments?post=3349"}],"version-history":[{"count":0,"href":"https:\/\/hostnetart.com.br\/baixada\/wp-json\/wp\/v2\/posts\/3349\/revisions"}],"wp:featuredmedia":[{"embeddable":true,"href":"https:\/\/hostnetart.com.br\/baixada\/wp-json\/wp\/v2\/media\/3348"}],"wp:attachment":[{"href":"https:\/\/hostnetart.com.br\/baixada\/wp-json\/wp\/v2\/media?parent=3349"}],"wp:term":[{"taxonomy":"category","embeddable":true,"href":"https:\/\/hostnetart.com.br\/baixada\/wp-json\/wp\/v2\/categories?post=3349"},{"taxonomy":"post_tag","embeddable":true,"href":"https:\/\/hostnetart.com.br\/baixada\/wp-json\/wp\/v2\/tags?post=3349"}],"curies":[{"name":"wp","href":"https:\/\/api.w.org\/{rel}","templated":true}]}}