{"id":3347,"date":"2017-11-08T17:20:55","date_gmt":"2017-11-08T19:20:55","guid":{"rendered":"https:\/\/hostnetart.com.br\/baixada\/campanha-nacional-dos-bancarios-de-2017-injeta-r-7-9-bi-na-economia-brasileira\/"},"modified":"2017-11-08T17:20:55","modified_gmt":"2017-11-08T19:20:55","slug":"campanha-nacional-dos-bancarios-de-2017-injeta-r-7-9-bi-na-economia-brasileira","status":"publish","type":"post","link":"https:\/\/hostnetart.com.br\/baixada\/campanha-nacional-dos-bancarios-de-2017-injeta-r-7-9-bi-na-economia-brasileira\/","title":{"rendered":"Campanha Nacional dos Banc\u00e1rios de 2017 injeta R$7,9 bi na economia brasileira"},"content":{"rendered":"<p><em><span style=\"text-decoration: underline;\">Se levarmos em considera\u00e7\u00e3o que o acordo \u00e9 de 2 anos, o valor sobe para 20 bilh\u00f5es de reais<\/span><\/em><\/p>\n<p>A Campanha Nacional dos Banc\u00e1rios 2017 injetar\u00e1 R$ 7,9 bilh\u00f5es na economia brasileira em doze meses, iniciados em setembro. A maior parte deste valor vem da PLR de R$ 6,297 bilh\u00f5es. O reajuste salarial, que foi de 2,75% \u2013 somat\u00f3ria da reposi\u00e7\u00e3o do INPC mais 1,0% de ganho real \u2013 representou um acr\u00e9scimo anual de cerca de R$ 1,4 bilh\u00f5es na economia. Al\u00e9m disso, o reajuste de 2,75% que tamb\u00e9m foi aplicado nos aux\u00edlios alimenta\u00e7\u00e3o e refei\u00e7\u00e3o, respectivamente, somam mais R$ 213,6 milh\u00f5es. Os dados s\u00e3o baseados nos n\u00fameros da Rela\u00e7\u00e3o Anual de Informa\u00e7\u00f5es Sociais (RAIS), do Minist\u00e9rios do Trabalho, divulgada em 2016, quando o n\u00famero de banc\u00e1rios no Brasil era de 485.719.<\/p>\n<p>S\u00f3 em setembro, data base da categoria, quando acontece o primeiro pagamento com a inser\u00e7\u00e3o do \u00edndice de reajuste, o impacto foi cerca de R$ 3,065 bilh\u00f5es na economia.<\/p>\n<p>\u201c\u00c9 importante que os banc\u00e1rios percebam a grandiosidade da nossa Campanha Nacional e que poderoso instrumento de distribui\u00e7\u00e3o de renda ela \u00e9. Imaginem que sem a nossa suada Campanha, estes bilh\u00f5es ficariam concentrados no bolso dos banqueiros. A nossa luta injeta bilh\u00f5es nos setores da ind\u00fastria, com\u00e9rcio e servi\u00e7os desenvolvendo, desconcentrando e gerando empregos. S\u00f3 a luta nos garante\u201d, afirmou Roberto von der Osten, presidente da Contraf-CUT.<\/p>\n<p>Somado ao impacto gerado em 2016, o acordo de 2 anos, iniciativa vanguardista da categoria banc\u00e1ria, gerou um impacto na economia do pa\u00eds que superou a casa dos R$ 20 bilh\u00f5es em dois anos.<\/p>\n<p><strong>Fonte: Contraf-CUT<\/strong><\/p>\n","protected":false},"excerpt":{"rendered":"<p>Se levarmos em considera\u00e7\u00e3o que o acordo \u00e9 de 2 anos, o valor sobe para 20 bilh\u00f5es de reais A Campanha Nacional dos Banc\u00e1rios 2017 injetar\u00e1 R$ 7,9 bilh\u00f5es na economia brasileira em doze meses, iniciados em setembro. A maior parte deste valor vem da PLR de R$ 6,297 bilh\u00f5es. O reajuste salarial, que foi [&hellip;]<\/p>\n","protected":false},"author":2,"featured_media":3346,"comment_status":"","ping_status":"","sticky":false,"template":"","format":"standard","meta":{"footnotes":""},"categories":[3],"tags":[],"class_list":["post-3347","post","type-post","status-publish","format-standard","has-post-thumbnail","hentry","category-noticias"],"_links":{"self":[{"href":"https:\/\/hostnetart.com.br\/baixada\/wp-json\/wp\/v2\/posts\/3347","targetHints":{"allow":["GET"]}}],"collection":[{"href":"https:\/\/hostnetart.com.br\/baixada\/wp-json\/wp\/v2\/posts"}],"about":[{"href":"https:\/\/hostnetart.com.br\/baixada\/wp-json\/wp\/v2\/types\/post"}],"author":[{"embeddable":true,"href":"https:\/\/hostnetart.com.br\/baixada\/wp-json\/wp\/v2\/users\/2"}],"replies":[{"embeddable":true,"href":"https:\/\/hostnetart.com.br\/baixada\/wp-json\/wp\/v2\/comments?post=3347"}],"version-history":[{"count":0,"href":"https:\/\/hostnetart.com.br\/baixada\/wp-json\/wp\/v2\/posts\/3347\/revisions"}],"wp:featuredmedia":[{"embeddable":true,"href":"https:\/\/hostnetart.com.br\/baixada\/wp-json\/wp\/v2\/media\/3346"}],"wp:attachment":[{"href":"https:\/\/hostnetart.com.br\/baixada\/wp-json\/wp\/v2\/media?parent=3347"}],"wp:term":[{"taxonomy":"category","embeddable":true,"href":"https:\/\/hostnetart.com.br\/baixada\/wp-json\/wp\/v2\/categories?post=3347"},{"taxonomy":"post_tag","embeddable":true,"href":"https:\/\/hostnetart.com.br\/baixada\/wp-json\/wp\/v2\/tags?post=3347"}],"curies":[{"name":"wp","href":"https:\/\/api.w.org\/{rel}","templated":true}]}}