{"id":3345,"date":"2017-11-08T17:16:18","date_gmt":"2017-11-08T19:16:18","guid":{"rendered":"https:\/\/hostnetart.com.br\/baixada\/10-de-novembro-dia-nacional-de-paralisacao-e-luta\/"},"modified":"2017-11-08T17:16:18","modified_gmt":"2017-11-08T19:16:18","slug":"10-de-novembro-dia-nacional-de-paralisacao-e-luta","status":"publish","type":"post","link":"https:\/\/hostnetart.com.br\/baixada\/10-de-novembro-dia-nacional-de-paralisacao-e-luta\/","title":{"rendered":"10 de novembro: Dia Nacional de Paralisa\u00e7\u00e3o e Luta"},"content":{"rendered":"<h2><em><span style=\"text-decoration: underline;\">Trabalhadores de todo o pa\u00eds se mobilizam nesta sexta-feira (10) contra as reformas Trabalhista e da Previd\u00eancia<\/span><\/em><\/h2>\n<div class=\"content\">\n<p>A Confedera\u00e7\u00e3o Nacional dos Trabalhadores do Ramo Financeiro (Contraf-CUT), a Central \u00danica dos Trabalhadores (CUT) e demais centrais sindicais convocam os trabalhadores para ir \u00e0s ruas contra as reformas Trabalhista e da Previd\u00eancia (PEC 287), do governo ileg\u00edtimo de Temer. As mobiliza\u00e7\u00f5es v\u00e3o acontecer em todo o pa\u00eds, nesta sexta-feira (10), v\u00e9spera da entrada em vigor das novas regras.<\/p>\n<p>De acordo com o presidente da Contraf-CUT, Roberto von der Osten, a nova legisla\u00e7\u00e3o trabalhista pretende acabar com os empregos e tornar ainda mais prec\u00e1rios os que se mantiverem. \u201cEssa \u201cdeforma\u201d faz parte do golpe para tirar os direitos dos trabalhadores. N\u00f3s, os banc\u00e1rios, precisamos nos mobilizar! S\u00f3 a luta pode derrotar esse ataque aos nossos direitos, \u201d explica.<\/p>\n<p>Para o presidente nacional da CUT, Vagner Freitas, o ato refor\u00e7a a unidade de todas as centrais sindicais e movimentos sociais, nesta sexta-feira. \u201cO movimento \u00e9 necess\u00e1rio porque o governo Temer est\u00e1 acabando com todas as possibilidades de o Brasil dar certo\u201d, afirma. <\/p>\n<p><strong>Confira a programa\u00e7\u00e3o:<\/strong><\/p>\n<p><strong>S\u00e3o Paulo<\/strong><br \/> 9h30 \u2013 Concentra\u00e7\u00e3o na Pra\u00e7a da S\u00e9<br \/> 10h30 \u2013 Caminhada at\u00e9 a Avenida Paulista<br \/> 14h \u2013 Ato dos servidores no Pal\u00e1cio dos Bandeirantes<\/p>\n<p><strong>Rio de Janeiro<\/strong><br \/> 16h \u2013 Concentra\u00e7\u00e3o na Candel\u00e1ria e caminhada at\u00e9 a Cinel\u00e2ndia<\/p>\n<p><strong>Belo Horizonte<\/strong><br \/> 9h \u2013 Ato na Pra\u00e7a da Esta\u00e7\u00e3o<\/p>\n<p><strong>Porto Alegre<\/strong><br \/> 10h \u00e0s 14h \u2013 plen\u00e1ria no audit\u00f3rio da Igreja da Pompeia\u00a0<br \/> 16h \u2013 Abra\u00e7o \u00e0 Justi\u00e7a do Trabalho, na Avenida Praia de Belas<br \/> 18h \u2013 Ato das centrais na Esquina Democr\u00e1tica<\/p>\n<p><strong>Bras\u00edlia<\/strong><br \/> 9h \u2013 &#8220;Fora Temer e suas medidas&#8221;, com concentra\u00e7\u00e3o no Espa\u00e7o do Servidor e caminhada at\u00e9 Esplanada dos Minist\u00e9rios<\/p>\n<p><strong>Salvador<\/strong><br \/> 11h &#8211; Caminhada do Campo Grande at\u00e9 a Pra\u00e7a Municipal<br \/> 13h &#8211; Manifesta\u00e7\u00e3o na porta da Previd\u00eancia Social no Com\u00e9rcio<\/p>\n<p><strong>Fortaleza<\/strong><br \/> 9h \u2013 Ato na Pra\u00e7a da Bandeira<\/p>\n<p><strong>Jo\u00e3o Pessoa<\/strong><br \/> 14h \u2013 Ato no Lyceu Paraibano<\/p>\n<p><strong>Teresina<\/strong><br \/> 8h \u2013 Ato na Pra\u00e7a Rio Branco, com caminhada pelas ruas do centro<\/p>\n<p><strong>Natal<\/strong><br \/> 14h \u2013 Ato na Pra\u00e7a Gentil Ferreira, Bairro Alecrim, com caminhada at\u00e9 a Cidade Alta<\/p>\n<p><strong>Bel\u00e9m<\/strong><br \/> 8h30 \u2013 Ato em frente ao TRT, na Pra\u00e7a Brasil, com caminhada at\u00e9 o Ver-O-Peso<\/p>\n<p><strong>Palmas<\/strong><br \/> 9h \u2013 Ato em frente \u00e0 Caixa Econ\u00f4mica Federal,\u00a0Quadra 105 Sul<\/p>\n<p>\u00a0<\/p>\n<\/div>\n<p id=\"page-author\"><em><strong>Fonte: Contraf-CUT e Rede Brasil Atual<\/strong><\/em><\/p>\n","protected":false},"excerpt":{"rendered":"<p>Trabalhadores de todo o pa\u00eds se mobilizam nesta sexta-feira (10) contra as reformas Trabalhista e da Previd\u00eancia A Confedera\u00e7\u00e3o Nacional dos Trabalhadores do Ramo Financeiro (Contraf-CUT), a Central \u00danica dos Trabalhadores (CUT) e demais centrais sindicais convocam os trabalhadores para ir \u00e0s ruas contra as reformas Trabalhista e da Previd\u00eancia (PEC 287), do governo ileg\u00edtimo [&hellip;]<\/p>\n","protected":false},"author":2,"featured_media":3344,"comment_status":"","ping_status":"","sticky":false,"template":"","format":"standard","meta":{"footnotes":""},"categories":[3],"tags":[],"class_list":["post-3345","post","type-post","status-publish","format-standard","has-post-thumbnail","hentry","category-noticias"],"_links":{"self":[{"href":"https:\/\/hostnetart.com.br\/baixada\/wp-json\/wp\/v2\/posts\/3345","targetHints":{"allow":["GET"]}}],"collection":[{"href":"https:\/\/hostnetart.com.br\/baixada\/wp-json\/wp\/v2\/posts"}],"about":[{"href":"https:\/\/hostnetart.com.br\/baixada\/wp-json\/wp\/v2\/types\/post"}],"author":[{"embeddable":true,"href":"https:\/\/hostnetart.com.br\/baixada\/wp-json\/wp\/v2\/users\/2"}],"replies":[{"embeddable":true,"href":"https:\/\/hostnetart.com.br\/baixada\/wp-json\/wp\/v2\/comments?post=3345"}],"version-history":[{"count":0,"href":"https:\/\/hostnetart.com.br\/baixada\/wp-json\/wp\/v2\/posts\/3345\/revisions"}],"wp:featuredmedia":[{"embeddable":true,"href":"https:\/\/hostnetart.com.br\/baixada\/wp-json\/wp\/v2\/media\/3344"}],"wp:attachment":[{"href":"https:\/\/hostnetart.com.br\/baixada\/wp-json\/wp\/v2\/media?parent=3345"}],"wp:term":[{"taxonomy":"category","embeddable":true,"href":"https:\/\/hostnetart.com.br\/baixada\/wp-json\/wp\/v2\/categories?post=3345"},{"taxonomy":"post_tag","embeddable":true,"href":"https:\/\/hostnetart.com.br\/baixada\/wp-json\/wp\/v2\/tags?post=3345"}],"curies":[{"name":"wp","href":"https:\/\/api.w.org\/{rel}","templated":true}]}}