{"id":3343,"date":"2017-11-08T16:37:12","date_gmt":"2017-11-08T18:37:12","guid":{"rendered":"https:\/\/hostnetart.com.br\/baixada\/audiencia-em-sp-destaca-importancia-dos-bancos-publicos-para-a-sociedade\/"},"modified":"2017-11-08T16:37:12","modified_gmt":"2017-11-08T18:37:12","slug":"audiencia-em-sp-destaca-importancia-dos-bancos-publicos-para-a-sociedade","status":"publish","type":"post","link":"https:\/\/hostnetart.com.br\/baixada\/audiencia-em-sp-destaca-importancia-dos-bancos-publicos-para-a-sociedade\/","title":{"rendered":"Audi\u00eancia em SP destaca import\u00e2ncia dos bancos p\u00fablicos para a sociedade"},"content":{"rendered":"<p>O movimento sindical banc\u00e1rio entregou ao deputado Marcos Martins (PT), durante audi\u00eancia em defesa dos bancos p\u00fablicos, realizada na noite desta ter\u00e7a-feira (7), na Assembleia Legislativa do Estado de S\u00e3o Paulo (Alesp), na capital paulista, um pedido para que seja criada uma frente parlamentar em defesa dos bancos p\u00fablicos na Alesp.<\/p>\n<p>\u201cN\u00e3o tem sido f\u00e1cil, deputado, construir esse di\u00e1logo pelo Brasil, pois temos encontrado poucos amigos do povo nas casas legislativas do pa\u00eds. Por isso, primeiramente quero agradec\u00ea-lo pela abertura deste espa\u00e7o\u201d, disse Roberto von der Osten, presidente da Confedera\u00e7\u00e3o Nacional dos Trabalhadores do Ramo Financeiro (Contraf-CUT), ao abrir sua fala.<\/p>\n<p>O presidente da Contraf-CUT destacou a import\u00e2ncia e o papel das audi\u00eancias que est\u00e3o sendo realizadas em todo o pa\u00eds. \u201cElas servem para dar visibilidade e para dialogarmos com a sociedade brasileira sobre o sucateamento dos bancos p\u00fablicos. Est\u00e3o demitindo funcion\u00e1rios e reduzindo a capacidade de investimento para dar a impress\u00e3o de que os bancos p\u00fablicos n\u00e3o prestam um bom servi\u00e7o \u00e0 popula\u00e7\u00e3o e devem ser privatizados para os servi\u00e7os melhorarem\u201d, destacou Roberto von der Osten, presidente da Confedera\u00e7\u00e3o Nacional dos Trabalhadores do Ramo Financeiro (Contraf-CUT).<\/p>\n<p>O dirigente disse tamb\u00e9m que existe quem pense que a luta em defesa dos bancos p\u00fablicos \u00e9 uma luta exclusivamente corporativista do movimento sindical banc\u00e1rio em defesa do empego. \u201cN\u00f3s defendemos o emprego sim. Afinal, estamos falando da metade dos empregos dos trabalhadores do sistema financeiro. N\u00e3o \u00e9 pouca coisa. Mas, o mais importante \u00e9 o debate que estamos fazendo sobre o que \u00e9 p\u00fablico e o que \u00e9 privado\u201d, observou. \u201cSe \u00e9 p\u00fablico \u00e9 para todos e se \u00e9 privado \u00e9 para poucos. \u00c9 impressionante como isso \u00e9 claro no sistema financeiro. O que move o banco privado \u00e9 a rentabilidade, a liquidez, risco, garantias e, principalmente, o local de atua\u00e7\u00e3o. Est\u00e1 cheio de banco privado na avenida Paulista, mas na periferia, l\u00e1 no Jardim Camargo Novo (extremo leste da cidade de S\u00e3o Paulo). L\u00e1 s\u00f3 tem a ag\u00eancia da Caixa, que o governo Temer queria fechar, mas nosso movimento de resist\u00eancia impediu. Corremos o Brasil fazendo esse debate e o que percebemos \u00e9 que nas pequenas cidades s\u00f3 tem banco p\u00fablico\u201d, completou o presidente da Contraf-CUT, lembrando o movimento pela manuten\u00e7\u00e3o da ag\u00eancia da Caixa do Jardim Camargo Novo, no bairro do Itaim Paulista, extremo da Zona Leste de S\u00e3o Paulo.<\/p>\n<p>Ivone Silva, presidenta do Sindicato dos Banc\u00e1rios de S\u00e3o Paulo, Osasco e Regi\u00e3o lembrou ainda que os bancos p\u00fablicos devem ter aten\u00e7\u00e3o com as quest\u00f5es sociais. \u201cQuando fomos no Jardim Camargo Novo e em outras ag\u00eancias que a gest\u00e3o da Caixa pretende fechar, ouvimos as pessoas se assustarem com a informa\u00e7\u00e3o sobre o fechamento das ag\u00eancias. Elas dizem: \u2018Como vai fechar!? Essa ag\u00eancia \u00e9 importante para mim, \u00e9 importante para minha vida, \u00e9 importante para o bairro, \u00e9 importante para o com\u00e9rcio local\u2019. As pessoas que querem fechar essas ag\u00eancias, que querem privatizar os bancos p\u00fablicos, olham apenas os n\u00fameros e se esquecem que existem pessoas que dependem dessas ag\u00eancias, que dependem desses bancos\u201d, disse Ivone.<\/p>\n<p>O secret\u00e1rio de Imprensa e Comunica\u00e7\u00e3o da Federa\u00e7\u00e3o dos Banc\u00e1rios da CUT de S\u00e3o Paulo (Fetec-CUT\/SP), Leonardo Quadros, tamb\u00e9m comentou sobre a revers\u00e3o da decis\u00e3o da diretoria da Caixa, que queria fechar a ag\u00eancia do Jardim Camargo Novo. \u201cS\u00f3 foi poss\u00edvel reverter esse pedido do governo Temer com envolvimento ativo de toda a popula\u00e7\u00e3o e da sociedade organizada contra a medida. A ag\u00eancia era a \u00fanica para atender uma popula\u00e7\u00e3o de 100 mil habitantes do bairro. Era a \u00fanica ag\u00eancia porque os bancos privados n\u00e3o t\u00eam interesse naquela regi\u00e3o, porque n\u00e3o \u00e9 um mercado rent\u00e1vel do ponto de vista do \u2018neg\u00f3cio\u2019. Isso resume um pouco a hist\u00f3ria e a import\u00e2ncia dos bancos p\u00fablicos. Eles atuam onde os privados n\u00e3o t\u00eam interesse em atuar\u201d, afirmou o dirigente da Fetec-CUT\/SP, que \u00e9 funcion\u00e1rio da Caixa.<\/p>\n<p><em><strong>Atua\u00e7\u00e3o dos bancos p\u00fablicos<\/strong><\/em><br \/>\u201cOs bancos privados n\u00e3o s\u00e3o impedidos de fazer o financiamento do Fies. O Fies pode ser financiado por qualquer banco, mas somente o BB e a Caixa optam por fazer isso. Eles tamb\u00e9m n\u00e3o s\u00e3o impedidos de fazer a administra\u00e7\u00e3o do ativo do Fundo de Garantia, eles podem fazer financiamento com recursos do FGTS, mas para eles n\u00e3o interessa porque n\u00e3o cabe uma margem de retorno que, para eles, seja interessante\u201d, observou Leonardo Quadros.<\/p>\n<p>Ivone Silva ressaltou ainda o papel dos bancos p\u00fablicos no fomento aos pequenos e m\u00e9dios agricultores, \u00e0 habita\u00e7\u00e3o e os pequenos empreendedores. \u201cSe fecham o BNB (Banco do Nordeste), ou o Banco do Brasil, imagina o que vai ser da agricultura familiar. Se os pequenos agricultores, que colocam os alimentos em nossa mesa, n\u00e3o tem financiamento, n\u00e3o conseguem plantar. E n\u00f3s n\u00e3o teremos alimentos em nossa mesa. No centro de S\u00e3o Paulo, por exemplo, pr\u00e9dios que antes estavam abandonados, foram ocupados e viraram moradia gra\u00e7as ao Programa Minha Casa Minha Vida, financiado pela Caixa. O mesmo acontece com as pequenas oficinas de costura, com as cooperativas e outras pequenas empresas. Somente a Caixa aceita abrir essas contas. Os bancos p\u00fablicos s\u00e3o importantes para o pa\u00eds. N\u00e3o defendemos apenas os empregados, mas um projeto de Estado que seja para todos, para pessoas, cidad\u00e3os que dependem, no seu dia a dia, dos bancos p\u00fablicos\u201d, disse a presidenta do Sindicato dos Banc\u00e1rios de S\u00e3o Paulo.<\/p>\n<p>Roberto von der Osten tamb\u00e9m destacou a import\u00e2ncia dos bancos p\u00fablicos para o desenvolvimento socioecon\u00f4mico e para a redu\u00e7\u00e3o das desigualdades regionais. \u201c\u00c9 f\u00e1cil perceber que esta ferramenta (banco p\u00fablico) \u00e9 utilizada para distribuir igualdade de oportunidades, para arrumar a simetria do desenvolvimento setorial e regional. Os bancos p\u00fablicos servem para corrigir uma falha do sistema do capitalismo. Eu duvido que algu\u00e9m conven\u00e7a banco privado a atuar nas pequenas cidades do Nordeste, da Amaz\u00f4nia, investir em infraestrutura da maneira como os bancos p\u00fablicos investiram. Os bancos p\u00fablicos foram criados para isso, quando os estados precisaram de cr\u00e9dito para se desenvolver, l\u00e1 nos anos 1920, 1930\u201d, afirmou.<\/p>\n<p>Para ele, o ataque aos bancos p\u00fablicos \u00e9 uma quest\u00e3o ideol\u00f3gica e comercial. \u201cA tentativa de retirada dos bancos p\u00fablicos do mercado \u00e9 uma parte do neoliberalismo. \u00c9 uma encomendada dos grandes bancos privados que financiaram o golpe. Eles acusavam os bancos p\u00fablicos de concorr\u00eancia desleal porque estes \u00faltimos ofereciam cr\u00e9dito mais barato, oportunidades de maneira diferenciada\u201d disse.<\/p>\n<p><strong>Fonte: Contraf-CUT<\/strong><\/p>\n","protected":false},"excerpt":{"rendered":"<p>O movimento sindical banc\u00e1rio entregou ao deputado Marcos Martins (PT), durante audi\u00eancia em defesa dos bancos p\u00fablicos, realizada na noite desta ter\u00e7a-feira (7), na Assembleia Legislativa do Estado de S\u00e3o Paulo (Alesp), na capital paulista, um pedido para que seja criada uma frente parlamentar em defesa dos bancos p\u00fablicos na Alesp. \u201cN\u00e3o tem sido f\u00e1cil, [&hellip;]<\/p>\n","protected":false},"author":2,"featured_media":3342,"comment_status":"","ping_status":"","sticky":false,"template":"","format":"standard","meta":{"footnotes":""},"categories":[3],"tags":[],"class_list":["post-3343","post","type-post","status-publish","format-standard","has-post-thumbnail","hentry","category-noticias"],"_links":{"self":[{"href":"https:\/\/hostnetart.com.br\/baixada\/wp-json\/wp\/v2\/posts\/3343","targetHints":{"allow":["GET"]}}],"collection":[{"href":"https:\/\/hostnetart.com.br\/baixada\/wp-json\/wp\/v2\/posts"}],"about":[{"href":"https:\/\/hostnetart.com.br\/baixada\/wp-json\/wp\/v2\/types\/post"}],"author":[{"embeddable":true,"href":"https:\/\/hostnetart.com.br\/baixada\/wp-json\/wp\/v2\/users\/2"}],"replies":[{"embeddable":true,"href":"https:\/\/hostnetart.com.br\/baixada\/wp-json\/wp\/v2\/comments?post=3343"}],"version-history":[{"count":0,"href":"https:\/\/hostnetart.com.br\/baixada\/wp-json\/wp\/v2\/posts\/3343\/revisions"}],"wp:featuredmedia":[{"embeddable":true,"href":"https:\/\/hostnetart.com.br\/baixada\/wp-json\/wp\/v2\/media\/3342"}],"wp:attachment":[{"href":"https:\/\/hostnetart.com.br\/baixada\/wp-json\/wp\/v2\/media?parent=3343"}],"wp:term":[{"taxonomy":"category","embeddable":true,"href":"https:\/\/hostnetart.com.br\/baixada\/wp-json\/wp\/v2\/categories?post=3343"},{"taxonomy":"post_tag","embeddable":true,"href":"https:\/\/hostnetart.com.br\/baixada\/wp-json\/wp\/v2\/tags?post=3343"}],"curies":[{"name":"wp","href":"https:\/\/api.w.org\/{rel}","templated":true}]}}