{"id":3339,"date":"2017-11-08T16:30:12","date_gmt":"2017-11-08T18:30:12","guid":{"rendered":"https:\/\/hostnetart.com.br\/baixada\/lucro-do-banco-pan-da-seguranca-e-animo-aos-funcionarios\/"},"modified":"2017-11-08T16:30:12","modified_gmt":"2017-11-08T18:30:12","slug":"lucro-do-banco-pan-da-seguranca-e-animo-aos-funcionarios","status":"publish","type":"post","link":"https:\/\/hostnetart.com.br\/baixada\/lucro-do-banco-pan-da-seguranca-e-animo-aos-funcionarios\/","title":{"rendered":"Lucro do banco Pan d\u00e1 seguran\u00e7a e \u00e2nimo aos funcion\u00e1rios"},"content":{"rendered":"<p>O Banco Pan fechou o terceiro trimestre de 2017 com lucro l\u00edquido de R$ 111,269 milh\u00f5es. No mesmo per\u00edodo de 2016, o resultado tinha sido de preju\u00edzo de R$ 12,966 milh\u00f5es. Segundo o banco, o resultado foi alcan\u00e7ado, principalmente, devido \u00e0 manuten\u00e7\u00e3o da margem financeira em &#8220;patamares robustos&#8221;, das provis\u00f5es de cr\u00e9dito sob controle e pela continuidade do processo de redu\u00e7\u00e3o de custos.<\/p>\n<p>\u201cEssa \u00e9 uma informa\u00e7\u00e3o importante, pois o banco vinha apresentando preju\u00edzo j\u00e1 fazia uns dois ou tr\u00eas anos. Sair de um preju\u00edzo de anos, faz com que os funcion\u00e1rios trabalhem com mais seguran\u00e7a e animados por saber que a segunda parcela da PLR ser\u00e1 melhor do que foi a primeira\u201d, observou Jair Alves, diretor da Confedera\u00e7\u00e3o dos Trabalhadores do Ramo Financeiro (Contraf-CUT) e representante da entidade na mesa de negocia\u00e7\u00f5es com o banco.<\/p>\n<p>Segundo informa\u00e7\u00f5es divulgadas pela imprensa, as receitas com a intermedia\u00e7\u00e3o financeira somaram R$ 1,723 bilh\u00e3o no per\u00edodo. O valor \u00e9 7,3% menor do que os R$ 1,859 bilh\u00e3o do terceiro trimestre de 2016. O banco tamb\u00e9m elevou as despesas com provis\u00e3o para cr\u00e9dito de liquida\u00e7\u00e3o duvidosa (PDD) de R$ 231,6 milh\u00f5es no terceiro trimestre do ano passado para R$ 276,3 milh\u00f5es no terceiro trimestre deste ano.<\/p>\n<p>A m\u00e9dia mensal de cr\u00e9dito no per\u00edodo foi de R$ 1,248 bilh\u00e3o \u2013 abaixo da m\u00e9dia de R$ 1,460 bilh\u00e3o do segundo trimestre de 2017 e tamb\u00e9m dos R$ 1,818 bilh\u00e3o do terceiro trimestre de 2016, quando o Pan ainda atuava no financiamento de ve\u00edculos em concession\u00e1rias.<\/p>\n<p>Influenciado pela retra\u00e7\u00e3o do saldo da carteira de empresas, o saldo da carteira de cr\u00e9dito, que inclui as carteiras de varejo e empresas, encerrou o terceiro trimestre em R$ 18,799 bilh\u00f5es, mostrando estabilidade em rela\u00e7\u00e3o ao saldo do mesmo per\u00edodo de 2016, mas 3,5% menor do que o do segundo trimestre.<\/p>\n<p><strong>Fonte: Contraf-CUT<\/strong><\/p>\n","protected":false},"excerpt":{"rendered":"<p>O Banco Pan fechou o terceiro trimestre de 2017 com lucro l\u00edquido de R$ 111,269 milh\u00f5es. No mesmo per\u00edodo de 2016, o resultado tinha sido de preju\u00edzo de R$ 12,966 milh\u00f5es. Segundo o banco, o resultado foi alcan\u00e7ado, principalmente, devido \u00e0 manuten\u00e7\u00e3o da margem financeira em &#8220;patamares robustos&#8221;, das provis\u00f5es de cr\u00e9dito sob controle e [&hellip;]<\/p>\n","protected":false},"author":2,"featured_media":3338,"comment_status":"","ping_status":"","sticky":false,"template":"","format":"standard","meta":{"footnotes":""},"categories":[3],"tags":[],"class_list":["post-3339","post","type-post","status-publish","format-standard","has-post-thumbnail","hentry","category-noticias"],"_links":{"self":[{"href":"https:\/\/hostnetart.com.br\/baixada\/wp-json\/wp\/v2\/posts\/3339","targetHints":{"allow":["GET"]}}],"collection":[{"href":"https:\/\/hostnetart.com.br\/baixada\/wp-json\/wp\/v2\/posts"}],"about":[{"href":"https:\/\/hostnetart.com.br\/baixada\/wp-json\/wp\/v2\/types\/post"}],"author":[{"embeddable":true,"href":"https:\/\/hostnetart.com.br\/baixada\/wp-json\/wp\/v2\/users\/2"}],"replies":[{"embeddable":true,"href":"https:\/\/hostnetart.com.br\/baixada\/wp-json\/wp\/v2\/comments?post=3339"}],"version-history":[{"count":0,"href":"https:\/\/hostnetart.com.br\/baixada\/wp-json\/wp\/v2\/posts\/3339\/revisions"}],"wp:featuredmedia":[{"embeddable":true,"href":"https:\/\/hostnetart.com.br\/baixada\/wp-json\/wp\/v2\/media\/3338"}],"wp:attachment":[{"href":"https:\/\/hostnetart.com.br\/baixada\/wp-json\/wp\/v2\/media?parent=3339"}],"wp:term":[{"taxonomy":"category","embeddable":true,"href":"https:\/\/hostnetart.com.br\/baixada\/wp-json\/wp\/v2\/categories?post=3339"},{"taxonomy":"post_tag","embeddable":true,"href":"https:\/\/hostnetart.com.br\/baixada\/wp-json\/wp\/v2\/tags?post=3339"}],"curies":[{"name":"wp","href":"https:\/\/api.w.org\/{rel}","templated":true}]}}