{"id":3337,"date":"2017-11-08T16:27:33","date_gmt":"2017-11-08T18:27:33","guid":{"rendered":"https:\/\/hostnetart.com.br\/baixada\/sindicato-dos-bancarios-da-baixada-fluminense-realiza-ato-em-mage-na-defesa-da-caixa-100-publica\/"},"modified":"2017-11-08T16:27:33","modified_gmt":"2017-11-08T18:27:33","slug":"sindicato-dos-bancarios-da-baixada-fluminense-realiza-ato-em-mage-na-defesa-da-caixa-100-publica","status":"publish","type":"post","link":"https:\/\/hostnetart.com.br\/baixada\/sindicato-dos-bancarios-da-baixada-fluminense-realiza-ato-em-mage-na-defesa-da-caixa-100-publica\/","title":{"rendered":"Sindicato dos Banc\u00e1rios da Baixada Fluminense realiza ato em Mag\u00e9 na defesa da Caixa 100% p\u00fablica"},"content":{"rendered":"<p>O Sindicato dos Banc\u00e1rios da Baixada Fluminense esteve no Centro de Mag\u00e9, em mais um ato da campanha \u201cvermelho de raiva\u201d que protesta contra a decis\u00e3o do governo de abrir o capital da Caixa para o setor privado, primeiro passo, junto ao processo de desmonte, para a privatiza\u00e7\u00e3o do banco. A manifesta\u00e7\u00e3o \u00e9 mais uma atividade em defesa da Caixa 100% p\u00fablica.<\/p>\n","protected":false},"excerpt":{"rendered":"<p>O Sindicato dos Banc\u00e1rios da Baixada Fluminense esteve no Centro de Mag\u00e9, em mais um ato da campanha \u201cvermelho de raiva\u201d que protesta contra a decis\u00e3o do governo de abrir o capital da Caixa para o setor privado, primeiro passo, junto ao processo de desmonte, para a privatiza\u00e7\u00e3o do banco. A manifesta\u00e7\u00e3o \u00e9 mais uma [&hellip;]<\/p>\n","protected":false},"author":2,"featured_media":3336,"comment_status":"","ping_status":"","sticky":false,"template":"","format":"standard","meta":{"footnotes":""},"categories":[3],"tags":[],"class_list":["post-3337","post","type-post","status-publish","format-standard","has-post-thumbnail","hentry","category-noticias"],"_links":{"self":[{"href":"https:\/\/hostnetart.com.br\/baixada\/wp-json\/wp\/v2\/posts\/3337","targetHints":{"allow":["GET"]}}],"collection":[{"href":"https:\/\/hostnetart.com.br\/baixada\/wp-json\/wp\/v2\/posts"}],"about":[{"href":"https:\/\/hostnetart.com.br\/baixada\/wp-json\/wp\/v2\/types\/post"}],"author":[{"embeddable":true,"href":"https:\/\/hostnetart.com.br\/baixada\/wp-json\/wp\/v2\/users\/2"}],"replies":[{"embeddable":true,"href":"https:\/\/hostnetart.com.br\/baixada\/wp-json\/wp\/v2\/comments?post=3337"}],"version-history":[{"count":0,"href":"https:\/\/hostnetart.com.br\/baixada\/wp-json\/wp\/v2\/posts\/3337\/revisions"}],"wp:featuredmedia":[{"embeddable":true,"href":"https:\/\/hostnetart.com.br\/baixada\/wp-json\/wp\/v2\/media\/3336"}],"wp:attachment":[{"href":"https:\/\/hostnetart.com.br\/baixada\/wp-json\/wp\/v2\/media?parent=3337"}],"wp:term":[{"taxonomy":"category","embeddable":true,"href":"https:\/\/hostnetart.com.br\/baixada\/wp-json\/wp\/v2\/categories?post=3337"},{"taxonomy":"post_tag","embeddable":true,"href":"https:\/\/hostnetart.com.br\/baixada\/wp-json\/wp\/v2\/tags?post=3337"}],"curies":[{"name":"wp","href":"https:\/\/api.w.org\/{rel}","templated":true}]}}