{"id":3333,"date":"2017-11-07T13:07:21","date_gmt":"2017-11-07T15:07:21","guid":{"rendered":"https:\/\/hostnetart.com.br\/baixada\/campanha-contra-a-discriminacao-e-lancada-no-rio-de-janeiro\/"},"modified":"2017-11-07T13:07:21","modified_gmt":"2017-11-07T15:07:21","slug":"campanha-contra-a-discriminacao-e-lancada-no-rio-de-janeiro","status":"publish","type":"post","link":"https:\/\/hostnetart.com.br\/baixada\/campanha-contra-a-discriminacao-e-lancada-no-rio-de-janeiro\/","title":{"rendered":"Campanha contra a discrimina\u00e7\u00e3o \u00e9 lan\u00e7ada no Rio de Janeiro"},"content":{"rendered":"<p><em><span style=\"text-decoration: underline;\">\u200bCom o lema \u201cn\u00e3o \u00e9 preciso ser para sentir\u201d, campanha busca sensibilizar toda a sociedade<\/span><\/em><\/p>\n<p>A Federa\u00e7\u00e3o dos Trabalhadores do Ramo Financeiro do Rio de Janeiro e Esp\u00edrito Santo (Fetraf RJ\/ES), o Sindicato dos Banc\u00e1rios do Rio de Janeiro e a Confedera\u00e7\u00e3o Nacional dos Trabalhadores do Ramo Financeiro (Contraf-CUT) lan\u00e7aram no estado do Rio de Janeiro nesta segunda-feira (6) a Campanha Nacional de Combate \u00e0 Discrimina\u00e7\u00e3o, com o lema \u201cN\u00e3o precisa ser para sentir\u201d. A atividade foi realizada na sede do Fetrafi\/RJ-ES.<\/p>\n<p>As secret\u00e1rias de pol\u00edticas sociais da Fetraf RJ\/ES, Adilma Nunes, e do Seeb\/Rio de Janeiro, K\u00e1tia Branco, destacaram a import\u00e2ncia do tema diante do momento conjuntural que estamos vivendo. \u201cO preconceito e a discrimina\u00e7\u00e3o tem ficado cada vez mais evidente em nosso pa\u00eds, o conservadorismo e a intoler\u00e2ncia tem tomado propor\u00e7\u00f5es cada vez maiores, em contrapartida a ONU tem dado um destaque mundial na quest\u00e3o dos direitos humanos\u201d, disse Adilma. \u201cPor isso, nossa campanha veio num momento oportuno e vamos percorrer nossas bases, mobilizando a categoria e a sociedade para debater o tema\u201d completou Katia.<\/p>\n<p>Almir Aguiar, Elaine Cutis e Adilson Barros, dirigentes Contraf-CUT, participaram da mesa de abertura. \u201cEstamos debatendo os temas da campanha com a Fenaban, j\u00e1 faz algum tempo, mas eles n\u00e3o aceitaram realizar uma campanha conjuntamente. Por isso, tomamos a iniciativa de discutir os temas da mulher, do negro, LGBT e PCDs, que para n\u00f3s s\u00e3o fundamentais, tendo em vista que o preconceito no sistema financeiro \u00e9 evidente e precisamos mudar esse quadro. Da\u00ed a import\u00e2ncia de nossa iniciativa para mobilizar a categoria e a sociedade para combater a discrimina\u00e7\u00e3o\u201d afirmou Almir Aguiar, secret\u00e1rio de Combate ao Racismo da Contraf-CUT.<\/p>\n<p>O advogado Lucas Bulgarelli, especialista nas causas LGBT, pontuou quanto a necessidade de debater o tema na atual conjuntura pol\u00edtica. \u201cA direita est\u00e1 se apropriando de nossas bandeiras com falsas propagandas. Precisamos deixar claro que discutir diversidade \u00e9 compreender que estamos lutando contra um determinado grupo que h\u00e1 muito tenta nos tirar nossos direitos, nossa liberdade e acabar com a democracia\u201d, disse. \u201c\u00c9 inaceit\u00e1vel que, nos dias atuais, as pessoas ainda fa\u00e7am ou riam de piadas racistas, mis\u00f3ginas ou homof\u00f3bicas\u201d, completou o advogado.<\/p>\n<p>Para o presidente da Fetraf\/RJ-ES, Nilton Esperan\u00e7a, intensificar essa luta \u00e9 fundamental para acabar com a intransig\u00eancia dos bancos nas mesas de negocia\u00e7\u00e3o. \u201cEles precisam reconhecer que existe preconceito e discrimina\u00e7\u00e3o no sistema financeiro e criar mecanismos para mudar esse quadro\u201d, afirmou o presidente da Fetrafi\/RJ-ES.<\/p>\n<p><strong>Fonte: Contraf-CUT<\/strong><\/p>\n","protected":false},"excerpt":{"rendered":"<p>\u200bCom o lema \u201cn\u00e3o \u00e9 preciso ser para sentir\u201d, campanha busca sensibilizar toda a sociedade A Federa\u00e7\u00e3o dos Trabalhadores do Ramo Financeiro do Rio de Janeiro e Esp\u00edrito Santo (Fetraf RJ\/ES), o Sindicato dos Banc\u00e1rios do Rio de Janeiro e a Confedera\u00e7\u00e3o Nacional dos Trabalhadores do Ramo Financeiro (Contraf-CUT) lan\u00e7aram no estado do Rio de [&hellip;]<\/p>\n","protected":false},"author":2,"featured_media":3332,"comment_status":"","ping_status":"","sticky":false,"template":"","format":"standard","meta":{"footnotes":""},"categories":[3],"tags":[],"class_list":["post-3333","post","type-post","status-publish","format-standard","has-post-thumbnail","hentry","category-noticias"],"_links":{"self":[{"href":"https:\/\/hostnetart.com.br\/baixada\/wp-json\/wp\/v2\/posts\/3333","targetHints":{"allow":["GET"]}}],"collection":[{"href":"https:\/\/hostnetart.com.br\/baixada\/wp-json\/wp\/v2\/posts"}],"about":[{"href":"https:\/\/hostnetart.com.br\/baixada\/wp-json\/wp\/v2\/types\/post"}],"author":[{"embeddable":true,"href":"https:\/\/hostnetart.com.br\/baixada\/wp-json\/wp\/v2\/users\/2"}],"replies":[{"embeddable":true,"href":"https:\/\/hostnetart.com.br\/baixada\/wp-json\/wp\/v2\/comments?post=3333"}],"version-history":[{"count":0,"href":"https:\/\/hostnetart.com.br\/baixada\/wp-json\/wp\/v2\/posts\/3333\/revisions"}],"wp:featuredmedia":[{"embeddable":true,"href":"https:\/\/hostnetart.com.br\/baixada\/wp-json\/wp\/v2\/media\/3332"}],"wp:attachment":[{"href":"https:\/\/hostnetart.com.br\/baixada\/wp-json\/wp\/v2\/media?parent=3333"}],"wp:term":[{"taxonomy":"category","embeddable":true,"href":"https:\/\/hostnetart.com.br\/baixada\/wp-json\/wp\/v2\/categories?post=3333"},{"taxonomy":"post_tag","embeddable":true,"href":"https:\/\/hostnetart.com.br\/baixada\/wp-json\/wp\/v2\/tags?post=3333"}],"curies":[{"name":"wp","href":"https:\/\/api.w.org\/{rel}","templated":true}]}}