{"id":3329,"date":"2017-11-07T12:15:01","date_gmt":"2017-11-07T14:15:01","guid":{"rendered":"https:\/\/hostnetart.com.br\/baixada\/cut-rio-coleta-assinaturas-para-anular-a-reforma-trabalhista\/"},"modified":"2017-11-07T12:15:01","modified_gmt":"2017-11-07T14:15:01","slug":"cut-rio-coleta-assinaturas-para-anular-a-reforma-trabalhista","status":"publish","type":"post","link":"https:\/\/hostnetart.com.br\/baixada\/cut-rio-coleta-assinaturas-para-anular-a-reforma-trabalhista\/","title":{"rendered":"CUT Rio coleta assinaturas para anular a Reforma Trabalhista"},"content":{"rendered":"<p>A Central \u00danica dos Trabalhadores em seu Congresso Extraordin\u00e1rio aprovou o apoio a Campanha de Coleta de Assinaturas pela Anula\u00e7\u00e3o do Impeachment e, tamb\u00e9m, a coleta de assinaturas para um projeto de Lei de Iniciativa Popular que anule a Reforma Trabalhista.<\/p>\n<p>Estas decis\u00f5es importantes reafirmam a disposi\u00e7\u00e3o da CUT de organizar e mobilizar a base dos trabalhadores para resistirem ao Golpe em curso e todas as suas consequ\u00eancias tr\u00e1gicas para os trabalhadores e trabalhadoras.<\/p>\n<p>No Rio de Janeiro, A CUT-RIO e o Comit\u00ea Volta Dilma RJ, que j\u00e1 estava coletando assinaturas pela anula\u00e7\u00e3o do impeachment, v\u00e3o juntar esfor\u00e7os para coletar assinaturas para as duas campanhas de enfrentamento contra o golpe.<\/p>\n<p>Toda quarta-feira a partir das 16:00 o Comit\u00ea Volta Dilma est\u00e1 com uma tenda onde os abaixo-assinados est\u00e3o dispon\u00edveis e a popula\u00e7\u00e3o tem demonstrado interesse em assinar e, ainda, muitos se oferecem tamb\u00e9m para ajudar a pegar mais assinaturas.<\/p>\n<p>Organizar a resist\u00eancia ao Golpe, defendendo os direitos dos trabalhadores \u00e9 a sa\u00edda para a dif\u00edcil situa\u00e7\u00e3o em que o pa\u00eds encontra-se.<\/p>\n<p>Todos os trabalhadores e trabalhadoras sabem que nossa for\u00e7a vem da nossa unidade constru\u00edda com aqueles que trabalham e constroem o pa\u00eds. Somos a maioria e organizados\/as podemos virar o jogo e derrotar o golpe e os golpistas. Participe e organize postos de coleta.<\/p>\n<p>Para maiores informa\u00e7\u00f5es: cutrj@cutrj.org.br e voltadilmarj@gmail.com<\/p>\n","protected":false},"excerpt":{"rendered":"<p>A Central \u00danica dos Trabalhadores em seu Congresso Extraordin\u00e1rio aprovou o apoio a Campanha de Coleta de Assinaturas pela Anula\u00e7\u00e3o do Impeachment e, tamb\u00e9m, a coleta de assinaturas para um projeto de Lei de Iniciativa Popular que anule a Reforma Trabalhista. Estas decis\u00f5es importantes reafirmam a disposi\u00e7\u00e3o da CUT de organizar e mobilizar a base [&hellip;]<\/p>\n","protected":false},"author":2,"featured_media":3328,"comment_status":"","ping_status":"","sticky":false,"template":"","format":"standard","meta":{"footnotes":""},"categories":[3],"tags":[],"class_list":["post-3329","post","type-post","status-publish","format-standard","has-post-thumbnail","hentry","category-noticias"],"_links":{"self":[{"href":"https:\/\/hostnetart.com.br\/baixada\/wp-json\/wp\/v2\/posts\/3329","targetHints":{"allow":["GET"]}}],"collection":[{"href":"https:\/\/hostnetart.com.br\/baixada\/wp-json\/wp\/v2\/posts"}],"about":[{"href":"https:\/\/hostnetart.com.br\/baixada\/wp-json\/wp\/v2\/types\/post"}],"author":[{"embeddable":true,"href":"https:\/\/hostnetart.com.br\/baixada\/wp-json\/wp\/v2\/users\/2"}],"replies":[{"embeddable":true,"href":"https:\/\/hostnetart.com.br\/baixada\/wp-json\/wp\/v2\/comments?post=3329"}],"version-history":[{"count":0,"href":"https:\/\/hostnetart.com.br\/baixada\/wp-json\/wp\/v2\/posts\/3329\/revisions"}],"wp:featuredmedia":[{"embeddable":true,"href":"https:\/\/hostnetart.com.br\/baixada\/wp-json\/wp\/v2\/media\/3328"}],"wp:attachment":[{"href":"https:\/\/hostnetart.com.br\/baixada\/wp-json\/wp\/v2\/media?parent=3329"}],"wp:term":[{"taxonomy":"category","embeddable":true,"href":"https:\/\/hostnetart.com.br\/baixada\/wp-json\/wp\/v2\/categories?post=3329"},{"taxonomy":"post_tag","embeddable":true,"href":"https:\/\/hostnetart.com.br\/baixada\/wp-json\/wp\/v2\/tags?post=3329"}],"curies":[{"name":"wp","href":"https:\/\/api.w.org\/{rel}","templated":true}]}}