{"id":3325,"date":"2017-11-06T18:44:45","date_gmt":"2017-11-06T20:44:45","guid":{"rendered":"https:\/\/hostnetart.com.br\/baixada\/contraf-cut-participa-de-audiencia-no-senado-contra-privatizacoes\/"},"modified":"2017-11-06T18:44:45","modified_gmt":"2017-11-06T20:44:45","slug":"contraf-cut-participa-de-audiencia-no-senado-contra-privatizacoes","status":"publish","type":"post","link":"https:\/\/hostnetart.com.br\/baixada\/contraf-cut-participa-de-audiencia-no-senado-contra-privatizacoes\/","title":{"rendered":"Contraf-CUT participa de audi\u00eancia no Senado contra privatiza\u00e7\u00f5es"},"content":{"rendered":"<p><em><span style=\"text-decoration: underline;\">Debate foi proposto pelo senador Lindbergh Farias, por meio da Frente Parlamentar Mista em Defesa dos Bancos P\u00fablicos<\/span><\/em><\/p>\n<p>A Comiss\u00e3o de Assuntos Econ\u00f4micos (CAE) deve discutir, nesta segunda-feira (6), \u00e0s 18h, em audi\u00eancia p\u00fablica, o impacto das privatiza\u00e7\u00f5es para as pol\u00edticas de desenvolvimento nacional, soberania e seguran\u00e7a energ\u00e9tica. O pedido de audi\u00eancia \u00e9 do senador Lindbergh Farias (PT-RJ).<\/p>\n<p>No requerimento, o senador destaca que o governo federal anunciou no dia 23 de agosto de 2017 a pretens\u00e3o de privatizar 57 (cinquenta e sete) empresas e projetos, incluindo a Eletrobr\u00e1s, a Casa da Moeda, a Loteria Instant\u00e2nea Exclusiva (Lotex) e os aeroportos de v\u00e1rios estados brasileiros. O governo tamb\u00e9m pretende vender a participa\u00e7\u00e3o de 49% que tem, por meio da Infraero, de outros aeroportos. Est\u00e1 previsto a concess\u00e3o da rodovia BR-364 e a relicita\u00e7\u00e3o do trecho da BR-153. No setor portu\u00e1rio, ser\u00e3o 15 terminais a serem privatizados.<\/p>\n<p>Para Lindbergh, os processos de privatiza\u00e7\u00f5es anteriores n\u00e3o trouxeram resultados esperados para o pa\u00eds. Segundo ele, a forma acelerada como se pretende privatizar o patrim\u00f4nio nacional, sem planejamento de longo prazo, sem avalia\u00e7\u00e3o de impactos no desenvolvimento regional, sem estrat\u00e9gia de retomada do crescimento do pa\u00eds e sem que os interesses da popula\u00e7\u00e3o sejam preservados, necessita ser amplamente discutida e denunciada.<\/p>\n<p>Tamb\u00e9m participaram da reuni\u00e3o, a Confedera\u00e7\u00e3o Nacional dos Trabalhadores do Ramo Financeiro (Contraf-CUT); a Federa\u00e7\u00e3o Nacional das Associa\u00e7\u00f5es do Pessoal da Caixa Econ\u00f4mica Federal (Fenae); Alu\u00edzio J\u00fanior, Presidente do Sindicato Nacional dos Moedeiros; Carlos Alberto Lucio Bittencourt Filho, Professor da Universidade Federal do Rio de Janeiro (UFRJ); Clemente Ganz L\u00facio, Diretor-t\u00e9cnico do Departamento Intersindical de Estat\u00edstica e Estudos Socioecon\u00f4micos (DIEESE) e o professor Nelson Jos\u00e9 Hubner Moreira.<\/p>\n<p>A reuni\u00e3o est\u00e1 prevista para acontecer na Sala 19 da ala senador Alexandre Costa.<\/p>\n<p><strong>Fonte: Ag\u00eancia Senado e Contraf-CUT<\/strong><\/p>\n","protected":false},"excerpt":{"rendered":"<p>Debate foi proposto pelo senador Lindbergh Farias, por meio da Frente Parlamentar Mista em Defesa dos Bancos P\u00fablicos A Comiss\u00e3o de Assuntos Econ\u00f4micos (CAE) deve discutir, nesta segunda-feira (6), \u00e0s 18h, em audi\u00eancia p\u00fablica, o impacto das privatiza\u00e7\u00f5es para as pol\u00edticas de desenvolvimento nacional, soberania e seguran\u00e7a energ\u00e9tica. O pedido de audi\u00eancia \u00e9 do senador [&hellip;]<\/p>\n","protected":false},"author":2,"featured_media":3324,"comment_status":"","ping_status":"","sticky":false,"template":"","format":"standard","meta":{"footnotes":""},"categories":[3],"tags":[],"class_list":["post-3325","post","type-post","status-publish","format-standard","has-post-thumbnail","hentry","category-noticias"],"_links":{"self":[{"href":"https:\/\/hostnetart.com.br\/baixada\/wp-json\/wp\/v2\/posts\/3325","targetHints":{"allow":["GET"]}}],"collection":[{"href":"https:\/\/hostnetart.com.br\/baixada\/wp-json\/wp\/v2\/posts"}],"about":[{"href":"https:\/\/hostnetart.com.br\/baixada\/wp-json\/wp\/v2\/types\/post"}],"author":[{"embeddable":true,"href":"https:\/\/hostnetart.com.br\/baixada\/wp-json\/wp\/v2\/users\/2"}],"replies":[{"embeddable":true,"href":"https:\/\/hostnetart.com.br\/baixada\/wp-json\/wp\/v2\/comments?post=3325"}],"version-history":[{"count":0,"href":"https:\/\/hostnetart.com.br\/baixada\/wp-json\/wp\/v2\/posts\/3325\/revisions"}],"wp:featuredmedia":[{"embeddable":true,"href":"https:\/\/hostnetart.com.br\/baixada\/wp-json\/wp\/v2\/media\/3324"}],"wp:attachment":[{"href":"https:\/\/hostnetart.com.br\/baixada\/wp-json\/wp\/v2\/media?parent=3325"}],"wp:term":[{"taxonomy":"category","embeddable":true,"href":"https:\/\/hostnetart.com.br\/baixada\/wp-json\/wp\/v2\/categories?post=3325"},{"taxonomy":"post_tag","embeddable":true,"href":"https:\/\/hostnetart.com.br\/baixada\/wp-json\/wp\/v2\/tags?post=3325"}],"curies":[{"name":"wp","href":"https:\/\/api.w.org\/{rel}","templated":true}]}}