{"id":3313,"date":"2017-11-03T22:30:22","date_gmt":"2017-11-04T00:30:22","guid":{"rendered":"https:\/\/hostnetart.com.br\/baixada\/trabalho-informal-avanca-no-brasil-apos-aprovacao-da-reforma-trabalhista\/"},"modified":"2017-11-03T22:30:22","modified_gmt":"2017-11-04T00:30:22","slug":"trabalho-informal-avanca-no-brasil-apos-aprovacao-da-reforma-trabalhista","status":"publish","type":"post","link":"https:\/\/hostnetart.com.br\/baixada\/trabalho-informal-avanca-no-brasil-apos-aprovacao-da-reforma-trabalhista\/","title":{"rendered":"Trabalho informal avan\u00e7a no Brasil ap\u00f3s aprova\u00e7\u00e3o da Reforma Trabalhista"},"content":{"rendered":"<p><em><span style=\"text-decoration: underline;\">Pesquisa aponta para queda nas vagas de empregos com carteira assinada<\/span><\/em><\/p>\n<p>O Instituto Brasileiro de Geografia e Estat\u00edsticas (IBGE) divulgou, na ter\u00e7a-feira (31), a Pesquisa Nacional por Amostra de Domic\u00edlios (Pnad) Cont\u00ednua, que mostra um avan\u00e7o no n\u00famero de trabalhadores informais no Brasil.<\/p>\n<p>O levantamento \u00e9 o primeiro ap\u00f3s a aprova\u00e7\u00e3o da Reforma Trabalhista, dia 11 de julho de 2017, no Congresso Nacional. Dois dias depois, o presidente ileg\u00edtimo do Brasil, Michel Temer, sancionou o projeto.<\/p>\n<p>De acordo com o estudo, houve um crescimento de 11% para 12% na quantidade de pessoas que est\u00e3o trabalhando sem carteira assinada, os aut\u00f4nomos sa\u00edram de 24% para 25%. O emprego formal sofreu queda de 38% para 36% no \u00faltimo ano.<\/p>\n<p>Em rela\u00e7\u00e3o ao m\u00eas de setembro de 2016, o Brasil tem quase um milh\u00e3o de desempregados a mais, chegando a 13 milh\u00f5es de pessoas que n\u00e3o est\u00e3o empregadas, ou 12,4% da popula\u00e7\u00e3o apta ao trabalho.<\/p>\n<p>Em tr\u00eas meses (junho, julho e agosto), foram abertas 1,061 milh\u00e3o de vagas, a maioria s\u00e3o trabalhadores aut\u00f4nomos (402 mil), seguidos pelos trabalhadores sem carteira, incorporados pelo setor privado (288 mil). Houve avan\u00e7o, tamb\u00e9m, no setor p\u00fablico (191 mil).<\/p>\n<p>De acordo com o IBGE, nos \u00faltimos doze meses, houve crescimento no n\u00famero de vagas no com\u00e9rcio e servi\u00e7os, com estagna\u00e7\u00e3o da ind\u00fastria e queda na constru\u00e7\u00e3o civil e agricultura.<\/p>\n<p><strong>Fonte: CUT<\/strong><\/p>\n","protected":false},"excerpt":{"rendered":"<p>Pesquisa aponta para queda nas vagas de empregos com carteira assinada O Instituto Brasileiro de Geografia e Estat\u00edsticas (IBGE) divulgou, na ter\u00e7a-feira (31), a Pesquisa Nacional por Amostra de Domic\u00edlios (Pnad) Cont\u00ednua, que mostra um avan\u00e7o no n\u00famero de trabalhadores informais no Brasil. O levantamento \u00e9 o primeiro ap\u00f3s a aprova\u00e7\u00e3o da Reforma Trabalhista, dia [&hellip;]<\/p>\n","protected":false},"author":2,"featured_media":3312,"comment_status":"","ping_status":"","sticky":false,"template":"","format":"standard","meta":{"footnotes":""},"categories":[3],"tags":[],"class_list":["post-3313","post","type-post","status-publish","format-standard","has-post-thumbnail","hentry","category-noticias"],"_links":{"self":[{"href":"https:\/\/hostnetart.com.br\/baixada\/wp-json\/wp\/v2\/posts\/3313","targetHints":{"allow":["GET"]}}],"collection":[{"href":"https:\/\/hostnetart.com.br\/baixada\/wp-json\/wp\/v2\/posts"}],"about":[{"href":"https:\/\/hostnetart.com.br\/baixada\/wp-json\/wp\/v2\/types\/post"}],"author":[{"embeddable":true,"href":"https:\/\/hostnetart.com.br\/baixada\/wp-json\/wp\/v2\/users\/2"}],"replies":[{"embeddable":true,"href":"https:\/\/hostnetart.com.br\/baixada\/wp-json\/wp\/v2\/comments?post=3313"}],"version-history":[{"count":0,"href":"https:\/\/hostnetart.com.br\/baixada\/wp-json\/wp\/v2\/posts\/3313\/revisions"}],"wp:featuredmedia":[{"embeddable":true,"href":"https:\/\/hostnetart.com.br\/baixada\/wp-json\/wp\/v2\/media\/3312"}],"wp:attachment":[{"href":"https:\/\/hostnetart.com.br\/baixada\/wp-json\/wp\/v2\/media?parent=3313"}],"wp:term":[{"taxonomy":"category","embeddable":true,"href":"https:\/\/hostnetart.com.br\/baixada\/wp-json\/wp\/v2\/categories?post=3313"},{"taxonomy":"post_tag","embeddable":true,"href":"https:\/\/hostnetart.com.br\/baixada\/wp-json\/wp\/v2\/tags?post=3313"}],"curies":[{"name":"wp","href":"https:\/\/api.w.org\/{rel}","templated":true}]}}