{"id":3307,"date":"2017-11-03T12:53:49","date_gmt":"2017-11-03T14:53:49","guid":{"rendered":"https:\/\/hostnetart.com.br\/baixada\/empregados-da-caixa-querem-garantias\/"},"modified":"2017-11-03T12:53:49","modified_gmt":"2017-11-03T14:53:49","slug":"empregados-da-caixa-querem-garantias","status":"publish","type":"post","link":"https:\/\/hostnetart.com.br\/baixada\/empregados-da-caixa-querem-garantias\/","title":{"rendered":"Empregados da Caixa querem garantias"},"content":{"rendered":"<div class=\"content\">\n<p>A Comiss\u00e3o Executiva dos Empregados da Caixa (CEE-Caixa) enviou uma cobran\u00e7a, nesta quarta-feira (1), \u00e0 dire\u00e7\u00e3o do banco de garantias aos empregados ap\u00f3s as altera\u00e7\u00f5es no Sa\u00fade Caixa. Na \u00faltima quinta-feira (26), durante a negocia\u00e7\u00e3o da <a href=\"http:\/\/contrafcut.org.br\/noticias\/caixa-apresenta-proposta-de-teto-no-saude-caixa-025a\">mesa permanente<\/a>, o banco anunciou est\u00e1 empenhada em mudar o modelo de custeio do Sa\u00fade Caixa. Para isso, poder\u00e1, inclusive, mudar o estatuto da empresa, estabelecendo um teto de 6,5% da folha de pagamento anual como limitador para despesas com o plano.<\/p>\n<p>\u201cRecebemos a inten\u00e7\u00e3o da Caixa de fazer altera\u00e7\u00f5es dr\u00e1sticas. Por\u00e9m, n\u00e3o \u00e9 inten\u00e7\u00e3o dos empregados alterar o modelo de custeio do nosso plano. O Comando Nacional discutiu ontem as garantias que a Caixa colocou na mesa e considerou insuficiente\u201d, afirmou Dion\u00edsio Reis, coordenador do CEE-Caixa.<\/p>\n<p>Os representantes dos empregados cobram uma s\u00e9rie de garantias aos trabalhadores da Caixa, como garantia de n\u00e3o aumento do Sa\u00fade Caixa e de manuten\u00e7\u00e3o do modelo de custeio, conselho de usu\u00e1rios deliberativo (exig\u00eancia de debater aumentos com o conselho e com a CEE), Grupo de Trabalho entre Caixa e empregados para debater solu\u00e7\u00e3o ao Contencioso, Incorpora\u00e7\u00e3o das Fun\u00e7\u00f5es, assinatura do Termo de Compromisso, entregue em mesa dia 26 de outubro, garantia de emprego e discuss\u00e3o dos super\u00e1vits com melhoria do plano.<\/p>\n<p>\u201cN\u00f3s queremos debater tamb\u00e9m quest\u00f5es que tem chegado dos sindicatos importantes para os empregados, como o Porte para G3 e G4, efetiva\u00e7\u00e3o da ajuda de custo para os gerentes de canais e vale-cultura, mesmo sem a isen\u00e7\u00e3o fiscal do governo federal\u201d, finalizou Dion\u00edsio Reis.<\/p>\n<p>A reuni\u00e3o com a Caixa est\u00e1 agendada para a pr\u00f3xima quarta-feira (8), em S\u00e3o Paulo.<\/p>\n<\/div>\n<p id=\"page-author\"><strong>Fonte: Contraf-CUT<\/strong><\/p>\n","protected":false},"excerpt":{"rendered":"<p>A Comiss\u00e3o Executiva dos Empregados da Caixa (CEE-Caixa) enviou uma cobran\u00e7a, nesta quarta-feira (1), \u00e0 dire\u00e7\u00e3o do banco de garantias aos empregados ap\u00f3s as altera\u00e7\u00f5es no Sa\u00fade Caixa. Na \u00faltima quinta-feira (26), durante a negocia\u00e7\u00e3o da mesa permanente, o banco anunciou est\u00e1 empenhada em mudar o modelo de custeio do Sa\u00fade Caixa. Para isso, poder\u00e1, [&hellip;]<\/p>\n","protected":false},"author":2,"featured_media":3306,"comment_status":"","ping_status":"","sticky":false,"template":"","format":"standard","meta":{"footnotes":""},"categories":[3],"tags":[],"class_list":["post-3307","post","type-post","status-publish","format-standard","has-post-thumbnail","hentry","category-noticias"],"_links":{"self":[{"href":"https:\/\/hostnetart.com.br\/baixada\/wp-json\/wp\/v2\/posts\/3307","targetHints":{"allow":["GET"]}}],"collection":[{"href":"https:\/\/hostnetart.com.br\/baixada\/wp-json\/wp\/v2\/posts"}],"about":[{"href":"https:\/\/hostnetart.com.br\/baixada\/wp-json\/wp\/v2\/types\/post"}],"author":[{"embeddable":true,"href":"https:\/\/hostnetart.com.br\/baixada\/wp-json\/wp\/v2\/users\/2"}],"replies":[{"embeddable":true,"href":"https:\/\/hostnetart.com.br\/baixada\/wp-json\/wp\/v2\/comments?post=3307"}],"version-history":[{"count":0,"href":"https:\/\/hostnetart.com.br\/baixada\/wp-json\/wp\/v2\/posts\/3307\/revisions"}],"wp:featuredmedia":[{"embeddable":true,"href":"https:\/\/hostnetart.com.br\/baixada\/wp-json\/wp\/v2\/media\/3306"}],"wp:attachment":[{"href":"https:\/\/hostnetart.com.br\/baixada\/wp-json\/wp\/v2\/media?parent=3307"}],"wp:term":[{"taxonomy":"category","embeddable":true,"href":"https:\/\/hostnetart.com.br\/baixada\/wp-json\/wp\/v2\/categories?post=3307"},{"taxonomy":"post_tag","embeddable":true,"href":"https:\/\/hostnetart.com.br\/baixada\/wp-json\/wp\/v2\/tags?post=3307"}],"curies":[{"name":"wp","href":"https:\/\/api.w.org\/{rel}","templated":true}]}}