{"id":3305,"date":"2017-11-01T15:13:18","date_gmt":"2017-11-01T17:13:18","guid":{"rendered":"https:\/\/hostnetart.com.br\/baixada\/novembro-azul-sindbaixada-abraca-essa-luta\/"},"modified":"2017-11-01T15:13:18","modified_gmt":"2017-11-01T17:13:18","slug":"novembro-azul-sindbaixada-abraca-essa-luta","status":"publish","type":"post","link":"https:\/\/hostnetart.com.br\/baixada\/novembro-azul-sindbaixada-abraca-essa-luta\/","title":{"rendered":"Novembro Azul &#8211; SindBaixada abra\u00e7a essa luta"},"content":{"rendered":"<div class=\"itemFullText\"><span style=\"text-decoration: underline;\"><em>Novembro Azul conscientiza homens para preven\u00e7\u00e3o do c\u00e2ncer de pr\u00f3stata<\/em><\/span><\/p>\n<p>Depois de o m\u00eas de outubro ser marcado pela campanha de mobiliza\u00e7\u00e3o para preven\u00e7\u00e3o do c\u00e2ncer de mama, conhecida como Outubro Rosa, agora \u00e9 a vez dos homens. O m\u00eas de novembro \u00e9 internacionalmente dedicado \u00e0s a\u00e7\u00f5es relacionadas ao c\u00e2ncer de pr\u00f3stata e \u00e0 sa\u00fade do homem. O m\u00eas foi escolhido pois o pr\u00f3ximo s\u00e1bado (17) \u00e9 o Dia Mundial de Combate ao C\u00e2ncer de Pr\u00f3stata.<\/p>\n<p>O c\u00e2ncer de pr\u00f3stata \u00e9 o sexto tipo mais comum no mundo e o de maior incid\u00eancia nos homens. As taxas da manifesta\u00e7\u00e3o da doen\u00e7a s\u00e3o cerca de seis vezes maiores nos pa\u00edses desenvolvidos.<\/p>\n<p>Cerca de tr\u00eas quartos dos casos no mundo ocorrem em homens com mais de 65 anos. Quando diagnosticado e tratado no in\u00edcio, tem os riscos de mortalidade reduzidos. No Brasil, \u00e9 a quarta causa de morte por c\u00e2ncer e corresponde a 6% do total de \u00f3bitos por este grupo.<\/p>\n<p>A pr\u00f3stata \u00e9 uma gl\u00e2ndula que s\u00f3 o homem possui, localizada na parte baixa do abd\u00f4men. Situa-se logo abaixo da bexiga e \u00e0 frente do reto. A pr\u00f3stata envolve a por\u00e7\u00e3o inicial da uretra, tubo pelo qual a urina armazenada na bexiga \u00e9 eliminada. Ela produz cerca de 70% do s\u00eamen, e representa um papel fundamental na fertilidade masculina.<\/p>\n<p>Uma dieta rica em frutas, verduras, legumes, gr\u00e3os e cereais integrais e com menos gordura, principalmente as de origem animal, ajuda a diminuir o risco do c\u00e2ncer. Especialistas recomendam pelo menos 30 minutos di\u00e1rios de atividade f\u00edsica, manter o peso adequado \u00e0 altura, diminuir o consumo de \u00e1lcool e n\u00e3o fumar.<\/p>\n<p>Homens a partir dos 50 anos devem procurar um posto de sa\u00fade para realizar exames de rotina. Os sintomas mais comuns do tumor s\u00e3o a dificuldade de urinar, frequ\u00eancia urin\u00e1ria alterada ou diminui\u00e7\u00e3o da for\u00e7a do jato da urina, dentre outros. Quem tem hist\u00f3rico familiar da doen\u00e7a deve avisar o m\u00e9dico, que indicar\u00e1 os exames necess\u00e1rios. <\/p>\n<p><em><strong>Exames<\/strong><\/em><\/p>\n<p>O toque retal \u00e9 o teste mais utilizado e eficaz quando aliado ao exame de sangue PSA (ant\u00edgeno prost\u00e1tico espec\u00edfico, na sigla em ingl\u00eas), que pode identificar o aumento de uma prote\u00edna produzida pela pr\u00f3stata, o que seria um ind\u00edcio da doen\u00e7a. Para um diagn\u00f3stico final, \u00e9 necess\u00e1rio analisar parte do tecido da gl\u00e2ndula, obtida pela bi\u00f3psia da pr\u00f3stata.<\/p>\n<p>A Sociedade Brasileira de Urologia recomenda que todos os homens com 45 anos de idade ou mais fa\u00e7am um exame de pr\u00f3stata anualmente, o que compreende o toque retal feito e o PSA. Segundo especialistas, o toque retal \u00e9 considerado indispens\u00e1vel e n\u00e3o pode ser substitu\u00eddo pelo exame de sangue ou por qualquer outro exame, como o ultrassom, por exemplo.<\/p>\n<p><em><strong>Tratamento<\/strong><\/em><\/p>\n<p>Caso a doen\u00e7a seja comprovada, o m\u00e9dico pode indicar radioterapia, cirurgia ou at\u00e9 tratamento hormonal. Para doen\u00e7a metast\u00e1tica (quando o tumor original j\u00e1 se espalhou para outras partes do corpo), o tratamento escolhido \u00e9 a terapia hormonal.<\/p>\n<p>A escolha do tratamento mais adequado deve ser individualizada e definida ap\u00f3s m\u00e9dico e paciente discutirem os riscos e benef\u00edcios de cada um.<\/p>\n<p><strong><em>Rede p\u00fablica<\/em><\/strong><\/p>\n<p>A Pol\u00edtica Nacional de Aten\u00e7\u00e3o Oncol\u00f3gica garante o atendimento integral a todos aqueles diagnosticados com c\u00e2ncer, por meio das Unidades de Assist\u00eancia de Alta Complexidade em Oncologia (Unacon) e dos Centros de Assist\u00eancia de Alta Complexidade em Oncologia (Cacon).<\/p>\n<p>Todos os estados brasileiros t\u00eam pelo menos um hospital habilitado em oncologia, onde o paciente de c\u00e2ncer encontrar\u00e1 desde um exame at\u00e9 cirurgias mais complexas. Mas para ser atendido nessas unidades e centros \u00e9 necess\u00e1rio ter um diagn\u00f3stico j\u00e1 confirmado de c\u00e2ncer por laudo de bi\u00f3psia ou pun\u00e7\u00e3o.<\/p>\n<p>\u00a0<br \/><strong>Fonte:<\/strong><br \/><strong>Minist\u00e9rio da Sa\u00fade<\/strong><br \/><strong>Instituto Nacional do C\u00e2ncer<\/strong><br \/><strong>Portal Brasil<\/strong><\/p>\n<p><\/div>\n","protected":false},"excerpt":{"rendered":"<p>Novembro Azul conscientiza homens para preven\u00e7\u00e3o do c\u00e2ncer de pr\u00f3stata Depois de o m\u00eas de outubro ser marcado pela campanha de mobiliza\u00e7\u00e3o para preven\u00e7\u00e3o do c\u00e2ncer de mama, conhecida como Outubro Rosa, agora \u00e9 a vez dos homens. O m\u00eas de novembro \u00e9 internacionalmente dedicado \u00e0s a\u00e7\u00f5es relacionadas ao c\u00e2ncer de pr\u00f3stata e \u00e0 sa\u00fade [&hellip;]<\/p>\n","protected":false},"author":2,"featured_media":3304,"comment_status":"","ping_status":"","sticky":false,"template":"","format":"standard","meta":{"footnotes":""},"categories":[3],"tags":[],"class_list":["post-3305","post","type-post","status-publish","format-standard","has-post-thumbnail","hentry","category-noticias"],"_links":{"self":[{"href":"https:\/\/hostnetart.com.br\/baixada\/wp-json\/wp\/v2\/posts\/3305","targetHints":{"allow":["GET"]}}],"collection":[{"href":"https:\/\/hostnetart.com.br\/baixada\/wp-json\/wp\/v2\/posts"}],"about":[{"href":"https:\/\/hostnetart.com.br\/baixada\/wp-json\/wp\/v2\/types\/post"}],"author":[{"embeddable":true,"href":"https:\/\/hostnetart.com.br\/baixada\/wp-json\/wp\/v2\/users\/2"}],"replies":[{"embeddable":true,"href":"https:\/\/hostnetart.com.br\/baixada\/wp-json\/wp\/v2\/comments?post=3305"}],"version-history":[{"count":0,"href":"https:\/\/hostnetart.com.br\/baixada\/wp-json\/wp\/v2\/posts\/3305\/revisions"}],"wp:featuredmedia":[{"embeddable":true,"href":"https:\/\/hostnetart.com.br\/baixada\/wp-json\/wp\/v2\/media\/3304"}],"wp:attachment":[{"href":"https:\/\/hostnetart.com.br\/baixada\/wp-json\/wp\/v2\/media?parent=3305"}],"wp:term":[{"taxonomy":"category","embeddable":true,"href":"https:\/\/hostnetart.com.br\/baixada\/wp-json\/wp\/v2\/categories?post=3305"},{"taxonomy":"post_tag","embeddable":true,"href":"https:\/\/hostnetart.com.br\/baixada\/wp-json\/wp\/v2\/tags?post=3305"}],"curies":[{"name":"wp","href":"https:\/\/api.w.org\/{rel}","templated":true}]}}