{"id":3299,"date":"2017-11-01T02:44:35","date_gmt":"2017-11-01T04:44:35","guid":{"rendered":"https:\/\/hostnetart.com.br\/baixada\/comando-nacional-dos-bancarios-reitera-necessidade-de-protestos-contra-a-reforma-trabalhista\/"},"modified":"2017-11-01T02:44:35","modified_gmt":"2017-11-01T04:44:35","slug":"comando-nacional-dos-bancarios-reitera-necessidade-de-protestos-contra-a-reforma-trabalhista","status":"publish","type":"post","link":"https:\/\/hostnetart.com.br\/baixada\/comando-nacional-dos-bancarios-reitera-necessidade-de-protestos-contra-a-reforma-trabalhista\/","title":{"rendered":"Comando Nacional dos Banc\u00e1rios reitera necessidade de protestos contra a Reforma trabalhista"},"content":{"rendered":"<p><em><span style=\"text-decoration: underline;\">A defesa dos bancos p\u00fablicos contra o risco de privatiza\u00e7\u00e3o tamb\u00e9m deve pautas as a\u00e7\u00f5es dos banc\u00e1rios daqui para frente<\/span><\/em><\/p>\n<p>Uma an\u00e1lise de conjuntura sobre os dados de emprego no setor banc\u00e1rio e o levantamento das negocia\u00e7\u00f5es efetuadas em 2017, feitos pela subse\u00e7\u00e3o do Departamento Intersindical de Estudos e Estat\u00edsticas Socioecon\u00f4micas (Dieese) da Confedera\u00e7\u00e3o Nacional dos Trabalhadores no Ramo Financeiro (Contraf-CUT) abriu a reuni\u00e3o do Comando Nacional dos Banc\u00e1rios, na tarde desta ter\u00e7a-feira (31), na sede da Contraf-CUT, em S\u00e3o Paulo.<\/p>\n<p>A economista Regina Camargos revelou um dado preocupante. Em 2017, o setor banc\u00e1rio teve a maior queda de postos de trabalho da hist\u00f3ria. De janeiro a setembro, foram fechados 16.879 empregos banc\u00e1rio em todo o Brasil. Regina destacou ainda que metade das negocia\u00e7\u00f5es finalizadas no primeiro semestre de 2017 conseguiram reajuste acima do INPC, mas com ganhos modestos, entre 0,01% a 1,5%.<\/p>\n<p>\u201cSegundo os dados conjunturais apresentados pelo Dieese, o Comando avaliou que vivemos um momento muito dif\u00edcil para os trabalhadores do sistema financeiro, o n\u00famero de postos de trabalho vem caindo, os bancos p\u00fablicos est\u00e3o sendo desmontados a digitaliza\u00e7\u00e3o vem substituindo trabalhadores e a Reforma Trabalhista que vai entrar em vigor no dia 11 de novembro vai precarizar os empregos que restarem. S\u00f3 a luta nos garante\u201d, convocou Roberto von der Osten, presidente da Contraf-CUT e um dos coordenadores do Comando Nacional dos Banc\u00e1rios<\/p>\n<p>A discuss\u00e3o sobre a proposta apresentada pela Caixa \u00e0 Comiss\u00e3o Executiva dos Empregados da Caixa (CEE-Caixa), em rela\u00e7\u00e3o ao Sa\u00fade Caixa deu continuidade ao encontro. O Comando Nacional dos Banc\u00e1rios avaliou que as mudan\u00e7as propostas s\u00e3o dr\u00e1sticas e definiu pela reivindica\u00e7\u00e3o de uma reuni\u00e3o na pr\u00f3xima semana. No encontro, os empregados querem mais garantias do que as apresentadas at\u00e9 ent\u00e3o, como a necessidade do conselho ser deliberativo e um acordo que pro\u00edba o reajuste no Sa\u00fade Caixa para os empregados por um per\u00edodo mais longo, pois at\u00e9 janeiro de 2019 \u00e9 muito pouco. \u201cPrecisamos de garantia de emprego para os empregados da Caixa, j\u00e1 que recebemos h\u00e1 den\u00fancias de demiss\u00f5es sum\u00e1rias em outras estatais\u201d, afirmou Dion\u00edsio Reis, coordenador do CEE\/ Caixa.<\/p>\n<p>Ele informa que a Caixa reverteu os reflexos dos dias parados pelas manifesta\u00e7\u00f5es da Greve-Geral, \u00e0s paralisa\u00e7\u00f5es de 15 de mar\u00e7o, 28 de abril e 30 de junho, ap\u00f3s luta dos trabalhadores. Por\u00e9m, os maiores impactos s\u00e3o dos descontos dos dias, que tamb\u00e9m precisam ser revertidos. Dion\u00edsio lembrou da entrega do termo de compromisso, realizado na \u00faltima reuni\u00e3o, que revertem diversas quest\u00f5es mal\u00e9ficas e garantem direitos dos trabalhadores (Veja abaixo o termo de compromisso).<\/p>\n<p>\u201cNa Funcef, a Caixa tem de fazer a discuss\u00e3o do contencioso, como realmente \u00e9. Tem que ser feito um GT entre empregados e Caixa para discutir solu\u00e7\u00f5es do contencioso\u201d, disse o coordenador da CEE\/ Caixa. \u201cOutros pontos que os sindicatos trouxeram foram a manuten\u00e7\u00e3o do RH 151 e 184, garantindo a incorpora\u00e7\u00e3o de fun\u00e7\u00e3o para os empregados com mais de dez anos e pagamento de porte para todos os trabalhadores que tem nomenclatura de gerente nas ag\u00eancias, e a implanta\u00e7\u00e3o do vale-cultura independente da isen\u00e7\u00e3o fiscal feita pelo governo. Al\u00e9m disso, a Comiss\u00e3o vai cobrar mais informa\u00e7\u00f5es da Caixa na mesa sobre a evolu\u00e7\u00e3o dos gastos com Sa\u00fade Caixa\u201d, finalizou.<\/p>\n<p>O Dia Nacional de Paralisa\u00e7\u00f5es contra a Reforma Trabalhista, marcado para o dia 10 de novembro, tamb\u00e9m esteve na pauta. A orienta\u00e7\u00e3o do Comando Nacional dos Banc\u00e1rios \u00e9 que os sindicatos realizam paralisa\u00e7\u00f5es e retardamentos nas ag\u00eancias banc\u00e1rias e que participem ativamente das manifesta\u00e7\u00f5es convocadas pelas centrais sindicais.<\/p>\n<p>Para finalizar, os coordenadores das COEs dos bancos (Bradesco, Santander, Ita\u00fa-Unibanco, Caixa, BB, BNB) passaram informes sobre a discuss\u00e3o da implementa\u00e7\u00e3o da cl\u00e1usula 62 da CCT \u2013 Centro de Realoca\u00e7\u00e3o e Requalifica\u00e7\u00e3o (CCT 2016-2018) \u2013 e da entrega dos Termos de Compromisso, banco a banco.<\/p>\n<p>Confira a \u00edntegra da proposta de termo de compromisso da Caixa:<\/p>\n<p><em>Termo de Compromisso<\/em><\/p>\n<p><em>CAIXA ECON\u00d4MICA FEDERAL<\/em><\/p>\n<p><em>CONFEDERA\u00c7\u00c3O NACIONAL DOS TRABALHADORES DO RAMO FINANCEIRO CONTRAF<\/em><\/p>\n<p><em>As partes ajustam entre si:<\/em><\/p>\n<p><em>1\u00ba. Todas as negocia\u00e7\u00f5es dos banc\u00e1rios ser\u00e3o feitas exclusivamente com os sindicatos.<\/em><\/p>\n<p><em>2\u00ba. O Acordo Coletivo de Trabalho \u00e9 v\u00e1lido e aplic\u00e1vel a todos os empregados da Caixa Econ\u00f4mica Federal, independente de faixa de escolaridade e de sal\u00e1rio em que se enquadram.<\/em><\/p>\n<p><em>3\u00ba. A CAIXA n\u00e3o contratar\u00e1 trabalhadores terceirizados em atividades fim, bem como n\u00e3o empregar\u00e1 por interm\u00e9dio de contratos de aut\u00f4nomos, intermitentes, tempor\u00e1rios, a tempo parcial e 12&#215;36, assim resguardando pelo cumprimento do artigo 37, II da Constitui\u00e7\u00e3o Federal e do artigo 224 da CLT.<\/em><\/p>\n<p><em>4\u00ba. Todas as homologa\u00e7\u00f5es de desligamentos ser\u00e3o feitas nos sindicatos, reiterando a cl\u00e1usula quadrag\u00e9sima primeira do Acordo Coletivo de Trabalho.<\/em><\/p>\n<p><em>5\u00ba. Todos os trabalhadores que prestam servi\u00e7o em favor da cadeia de valores, em que integrante a Caixa Econ\u00f4mica Federal, s\u00e3o representados pelos sindicatos de banc\u00e1rios.<\/em><\/p>\n<p><em>6\u00ba. O empregador \u00e9 respons\u00e1vel pelas condi\u00e7\u00f5es de sa\u00fade e seguran\u00e7a no ambiente de trabalho, seja ele interno ou externo.<\/em><\/p>\n<p><em>7\u00ba. A jornada de trabalho, pausas e intervalos s\u00e3o consideradas como norma de sa\u00fade, higiene e seguran\u00e7a do trabalho.<\/em><\/p>\n<p><em>8\u00ba. Os dirigentes sindicais ter\u00e3o livre acesso a todos os locais de trabalho.<\/em><\/p>\n<p><em>9\u00ba. Todas as cl\u00e1usulas do Acordo Coletivo de Trabalho estar\u00e3o asseguradas ap\u00f3s a data base e permanecer\u00e3o as suas vig\u00eancias at\u00e9 a celebra\u00e7\u00e3o de nova acordo coletivo.<\/em><\/p>\n<p><em>10\u00ba. A Caixa Econ\u00f4mica Federal respeitar\u00e1 e garantir\u00e1 a aplica\u00e7\u00e3o das normas internas, RH 151 e RH 184, quanto as hip\u00f3teses de incorpora\u00e7\u00f5es da gratifica\u00e7\u00e3o de fun\u00e7\u00e3o quando do descomissionamento da fun\u00e7\u00e3o, preservando os direitos adquiridos.<\/em><\/p>\n<p><em>11. A PLR n\u00e3o ser\u00e1 parcelada em mais de duas vezes.<\/em><\/p>\n<p><em>12. N\u00e3o ser\u00e1 feita rescis\u00e3o de contrato de trabalho de comum acordo no formato previsto na lei 13.467\/2017.<\/em><\/p>\n<p><em>13. N\u00e3o haver\u00e1 compensa\u00e7\u00e3o de banco de horas, sem negocia\u00e7\u00e3o coletiva.<\/em><\/p>\n<p><em>14. A Caixa Econ\u00f4mica Federal respeitar\u00e1 e exigir\u00e1 o cumprimento os intervalos de repouso e de alimenta\u00e7\u00e3o, de quinze minutos e m\u00ednimo de uma hora, respectivamente, para aos jornadas de at\u00e9 seis e acima de seis horas.<\/em><\/p>\n<p><em>15. As f\u00e9rias anuais n\u00e3o ser\u00e3o parceladas em mais de duas vezes.<\/em><\/p>\n<p><em>16. N\u00e3o ser\u00e1 utilizado o artigo 223 e incisos da Lei 13.467\/2017 que limita a liberdade de express\u00e3o dos sindicatos e dos trabalhadores.<\/em><\/p>\n<p><em>17. O sal\u00e1rio n\u00e3o ser\u00e1 pago em pr\u00eamios ou por produtividade.<\/em><\/p>\n<p><em>18. N\u00e3o far\u00e3o a quita\u00e7\u00e3o anual de passivos na forma prevista na lei 13.467\/2017.<\/em><\/p>\n<p><em>19. N\u00e3o ser\u00e1 constitu\u00edda comiss\u00e3o de representantes de empregados n\u00e3o vinculadas ao sindicato, haja vista a previs\u00e3o em Acordo Coletivo de Trabalho dos delegados sindicais.<\/em><\/p>\n<p><em>\u00a0<\/em><\/p>\n<p><em>CONFEDERA\u00c7\u00c3O NACIONAL DOS TRABALHADORES DO RAMO FINANCEIRO CONTRAF<\/em><\/p>\n<p><em>COMISS\u00c3O EXECUTIVA DE EMPREGADOS DA CAIXA ECON\u00d4MICA FEDERAL<\/em><\/p>\n<p><strong>Fonte: Contraf-CUT<\/strong><\/p>\n","protected":false},"excerpt":{"rendered":"<p>A defesa dos bancos p\u00fablicos contra o risco de privatiza\u00e7\u00e3o tamb\u00e9m deve pautas as a\u00e7\u00f5es dos banc\u00e1rios daqui para frente Uma an\u00e1lise de conjuntura sobre os dados de emprego no setor banc\u00e1rio e o levantamento das negocia\u00e7\u00f5es efetuadas em 2017, feitos pela subse\u00e7\u00e3o do Departamento Intersindical de Estudos e Estat\u00edsticas Socioecon\u00f4micas (Dieese) da Confedera\u00e7\u00e3o Nacional [&hellip;]<\/p>\n","protected":false},"author":2,"featured_media":3298,"comment_status":"","ping_status":"","sticky":false,"template":"","format":"standard","meta":{"footnotes":""},"categories":[3],"tags":[],"class_list":["post-3299","post","type-post","status-publish","format-standard","has-post-thumbnail","hentry","category-noticias"],"_links":{"self":[{"href":"https:\/\/hostnetart.com.br\/baixada\/wp-json\/wp\/v2\/posts\/3299","targetHints":{"allow":["GET"]}}],"collection":[{"href":"https:\/\/hostnetart.com.br\/baixada\/wp-json\/wp\/v2\/posts"}],"about":[{"href":"https:\/\/hostnetart.com.br\/baixada\/wp-json\/wp\/v2\/types\/post"}],"author":[{"embeddable":true,"href":"https:\/\/hostnetart.com.br\/baixada\/wp-json\/wp\/v2\/users\/2"}],"replies":[{"embeddable":true,"href":"https:\/\/hostnetart.com.br\/baixada\/wp-json\/wp\/v2\/comments?post=3299"}],"version-history":[{"count":0,"href":"https:\/\/hostnetart.com.br\/baixada\/wp-json\/wp\/v2\/posts\/3299\/revisions"}],"wp:featuredmedia":[{"embeddable":true,"href":"https:\/\/hostnetart.com.br\/baixada\/wp-json\/wp\/v2\/media\/3298"}],"wp:attachment":[{"href":"https:\/\/hostnetart.com.br\/baixada\/wp-json\/wp\/v2\/media?parent=3299"}],"wp:term":[{"taxonomy":"category","embeddable":true,"href":"https:\/\/hostnetart.com.br\/baixada\/wp-json\/wp\/v2\/categories?post=3299"},{"taxonomy":"post_tag","embeddable":true,"href":"https:\/\/hostnetart.com.br\/baixada\/wp-json\/wp\/v2\/tags?post=3299"}],"curies":[{"name":"wp","href":"https:\/\/api.w.org\/{rel}","templated":true}]}}