{"id":3291,"date":"2017-10-31T10:49:38","date_gmt":"2017-10-31T12:49:38","guid":{"rendered":"https:\/\/hostnetart.com.br\/baixada\/caixa-apresenta-proposta-de-teto-no-saude-caixa\/"},"modified":"2017-10-31T10:49:38","modified_gmt":"2017-10-31T12:49:38","slug":"caixa-apresenta-proposta-de-teto-no-saude-caixa","status":"publish","type":"post","link":"https:\/\/hostnetart.com.br\/baixada\/caixa-apresenta-proposta-de-teto-no-saude-caixa\/","title":{"rendered":"Caixa apresenta proposta de teto no Sa\u00fade Caixa"},"content":{"rendered":"<p><em><span style=\"text-decoration: underline;\">Na negocia\u00e7\u00e3o da mesa permanente, a dire\u00e7\u00e3o do banco apresentou uma proposta que prev\u00ea um limitador de despesas com o plano de sa\u00fade<\/span><\/em><\/p>\n<p>Sob alega\u00e7\u00e3o de que precisa se adequar as regras estabelecidas pelo Basileia 3, a Caixa Econ\u00f4mica Federal est\u00e1 empenhada em mudar o modelo de custeio do Sa\u00fade Caixa. Para isso, poder\u00e1, inclusive, mudar o estatuto da empresa, estabelecendo um teto de 6,5% da folha de pagamento anual como limitador para despesas com o plano. O an\u00fancio oficial desta medida foi feito durante a negocia\u00e7\u00e3o da mesa permanente com o banco, na \u00faltima quinta-feira (26).<\/p>\n<p>Atualmente contemplada pelo ACT, cuja vig\u00eancia vai at\u00e9 31 de agosto de 2018, a regra de custeio do Sa\u00fade Caixa prev\u00ea que os procedimentos assistenciais sejam custeados em 70% pelo banco e 30% pelo conjunto dos trabalhadores.<\/p>\n<p>Ao impor mudan\u00e7as no custeio do Sa\u00fade Caixa, o objetivo de governo \u00e9 reduzir as provis\u00f5es que o banco \u00e9 obrigado a fazer para cobrir despesas futuras com o plano de sa\u00fade. A medida liberaria bilh\u00f5es de Reais, que poderiam fortalecer a base de capital da institui\u00e7\u00e3o mantendo linhas de cr\u00e9dito do banco federal.<\/p>\n<p>\u201c O governo \u00e9 que tem de capitalizar a Caixa para que continue sendo um banco 100% p\u00fablico e que promova o desenvolvimento econ\u00f4mico e social do pa\u00eds\u201d, enfatiza o presidente da Fenae, Jair Pedro Ferreira.<\/p>\n<p><strong><em>Proposta<\/em><\/strong><\/p>\n<p>Segundo a empresa, ficaria assegurado o modelo atual at\u00e9 janeiro de 2019 sem aumento. O banco se compromete ainda a realizar a segrega\u00e7\u00e3o cont\u00e1bil dos valores do plano e tornar o Conselho de Usu\u00e1rios do Sa\u00fade Caixa mais efetivo na gest\u00e3o do plano de sa\u00fade.<\/p>\n<p>\u201cO Sa\u00fade Caixa \u00e9 uma conquista hist\u00f3rica dos empregados. A proposta apresentada pela dire\u00e7\u00e3o do banco, \u00e9 insuficiente e n\u00e3o traz garantias aos trabalhadores. Ao contr\u00e1rio, este teto de gasto pode representar aumento grande de custos aos empregados e o que as entidades devem debater nessa conjuntura de ataques e retirada de direitos \u00e9 a garantia dos direitos e preservar os custos aos usu\u00e1rios. \u201d, destaca o coordenador da Comiss\u00e3o Executiva dos Empregados (CEE\/Caixa) e diretor da Fenae, Dion\u00edsio Reis.<\/p>\n<p>A CEE\/Caixa encaminhou a proposta para o Comando Nacional dos Banc\u00e1rios, coordenado pela Confedera\u00e7\u00e3o Nacional dos Trabalhadores do Ramo Financeiro (Contraf-CUT), que debater\u00e1 o assunto, em reuni\u00e3o nesta ter\u00e7a-feira (31).<\/p>\n<p>O atual modelo de custeio est\u00e1 em vigor desde 2004 e foi fruto de negocia\u00e7\u00e3o entre o movimento dos empregados e a Caixa no \u00e2mbito de um grupo de trabalho parit\u00e1rio.<\/p>\n<p><strong><em>Reajuste<\/em><\/strong><\/p>\n<p>Al\u00e9m de contestar mudan\u00e7as no modelo de custeio, as entidades representativas dos empregados da Caixa se posicionaram contr\u00e1rias ao reajuste das mensalidades do plano, anunciado em janeiro deste ano, que foi suspenso por for\u00e7a de liminar obtida em a\u00e7\u00e3o ajuizada pela Fenae, Contraf-CUT e sindicatos de todo o pa\u00eds.<\/p>\n<p>O valor das mensalidades passaria de 2% para 3,46% da remunera\u00e7\u00e3o base, o percentual de coparticipa\u00e7\u00e3o seria elevado de 20% para 30%, e o limite de coparticipa\u00e7\u00e3o anual de R$ 2.400 sofreria reajuste para R$ 4.209,05.<\/p>\n<p><strong>Fonte: Fenae<\/strong><\/p>\n","protected":false},"excerpt":{"rendered":"<p>Na negocia\u00e7\u00e3o da mesa permanente, a dire\u00e7\u00e3o do banco apresentou uma proposta que prev\u00ea um limitador de despesas com o plano de sa\u00fade Sob alega\u00e7\u00e3o de que precisa se adequar as regras estabelecidas pelo Basileia 3, a Caixa Econ\u00f4mica Federal est\u00e1 empenhada em mudar o modelo de custeio do Sa\u00fade Caixa. Para isso, poder\u00e1, inclusive, [&hellip;]<\/p>\n","protected":false},"author":2,"featured_media":3290,"comment_status":"","ping_status":"","sticky":false,"template":"","format":"standard","meta":{"footnotes":""},"categories":[3],"tags":[],"class_list":["post-3291","post","type-post","status-publish","format-standard","has-post-thumbnail","hentry","category-noticias"],"_links":{"self":[{"href":"https:\/\/hostnetart.com.br\/baixada\/wp-json\/wp\/v2\/posts\/3291","targetHints":{"allow":["GET"]}}],"collection":[{"href":"https:\/\/hostnetart.com.br\/baixada\/wp-json\/wp\/v2\/posts"}],"about":[{"href":"https:\/\/hostnetart.com.br\/baixada\/wp-json\/wp\/v2\/types\/post"}],"author":[{"embeddable":true,"href":"https:\/\/hostnetart.com.br\/baixada\/wp-json\/wp\/v2\/users\/2"}],"replies":[{"embeddable":true,"href":"https:\/\/hostnetart.com.br\/baixada\/wp-json\/wp\/v2\/comments?post=3291"}],"version-history":[{"count":0,"href":"https:\/\/hostnetart.com.br\/baixada\/wp-json\/wp\/v2\/posts\/3291\/revisions"}],"wp:featuredmedia":[{"embeddable":true,"href":"https:\/\/hostnetart.com.br\/baixada\/wp-json\/wp\/v2\/media\/3290"}],"wp:attachment":[{"href":"https:\/\/hostnetart.com.br\/baixada\/wp-json\/wp\/v2\/media?parent=3291"}],"wp:term":[{"taxonomy":"category","embeddable":true,"href":"https:\/\/hostnetart.com.br\/baixada\/wp-json\/wp\/v2\/categories?post=3291"},{"taxonomy":"post_tag","embeddable":true,"href":"https:\/\/hostnetart.com.br\/baixada\/wp-json\/wp\/v2\/tags?post=3291"}],"curies":[{"name":"wp","href":"https:\/\/api.w.org\/{rel}","templated":true}]}}