{"id":3289,"date":"2017-10-31T10:48:18","date_gmt":"2017-10-31T12:48:18","guid":{"rendered":"https:\/\/hostnetart.com.br\/baixada\/contraf-cut-realizara-iv-forum-nacional-pela-visibilidade-negra-no-sistema-financeiro\/"},"modified":"2017-10-31T10:48:18","modified_gmt":"2017-10-31T12:48:18","slug":"contraf-cut-realizara-iv-forum-nacional-pela-visibilidade-negra-no-sistema-financeiro","status":"publish","type":"post","link":"https:\/\/hostnetart.com.br\/baixada\/contraf-cut-realizara-iv-forum-nacional-pela-visibilidade-negra-no-sistema-financeiro\/","title":{"rendered":"Contraf-CUT realizar\u00e1 IV F\u00f3rum Nacional Pela Visibilidade Negra no Sistema Financeiro"},"content":{"rendered":"<div class=\"content\">\n<p>\u201cPor mais contrata\u00e7\u00f5es de negros e negras nos bancos\u201d a Confedera\u00e7\u00e3o Nacional dos Trabalhadores do Ramo Financeiro (Contraf-CUT), com o apoio da Federa\u00e7\u00e3o dos Trabalhadores do Ramo Financeiro do Nordeste (Fetrafi\/NE) e do Sindicato os Banc\u00e1rios de Pernambuco (Seec\/PE) realizar\u00e1 nos dias 8 a 10 de novembro, em Recife (PE) o IV F\u00f3rum Nacional Pela Visibilidade Negra no Sistema Financeiro.<\/p>\n<p>A atividade, que ser\u00e1 realizada no Centro de Forma\u00e7\u00e3o e Lazer do SindsPrev Pernambuco (BR 101, Km 57, s\/n \u2013 Guabiraba, Recife \u2013 PE \u2013 Tel. 81 3437-5019) \u00e9 voltada para dirigentes sindicais, membros do Coletivo de G\u00eanero, Ra\u00e7a e Orienta\u00e7\u00e3o Sexual (CGROS) e respons\u00e1veis pelas secretarias de Pol\u00edticas Sociais dos sindicatos e federa\u00e7\u00f5es da categoria, bem como \u00e0s entidades que n\u00e3o possuem esta secretaria, por\u00e9m debatem a tem\u00e1tica.<\/p>\n<p>\u201cNosso objetivo \u00e9 fortalecer o debate sobre o tema, que tem sido pautado constantemente nas mesas de negocia\u00e7\u00f5es com a Fenaban (Federa\u00e7\u00e3o Nacional dos Bancos). \u00c9 importante que todos os sindicatos e federa\u00e7\u00f5es preencham suas vagas e participem da constru\u00e7\u00e3o do debate e da pauta espec\u00edfica de reivindica\u00e7\u00f5es\u201d, disse Almir Aguiar, secret\u00e1rio de Combate ao Racismo da Contraf-CUT.<\/p>\n<p>Cada entidade poder\u00e1 inscrever at\u00e9 10 (dez) participantes que acompanhem e discutem a tem\u00e1tica de igualdade de oportunidades, voltadas para a quest\u00e3o racial. A Contraf-CUT encaminhou a ficha de inscri\u00e7\u00e3o e informa\u00e7\u00f5es detalhadas de custos e forma de pagamento para as entidades. As fichas com os dados dos participantes dever\u00e3o ser encaminhadas para o e-mail <ins><a href=\"mailto:contrafcut@contrafcut.org.br\">contrafcut@contrafcut.org.br<\/a><\/ins> at\u00e9 o dia 1\u00ba\/11.<\/p>\n<p>Veja abaixo a programa\u00e7\u00e3o completa do F\u00f3rum<\/p>\n<p><strong>IV F\u00d3RUM PELA VISIBILIDADE NEGRA NO SISTEMA FINANCEIRO<\/strong><br \/> 9 e 10 de novembro de 2017<br \/> Recife, Pernambuco<br \/><strong>Por mais contrata\u00e7\u00e3o de negros e negras nos bancos<\/strong><\/p>\n<p><strong>PROGRAMA\u00c7\u00c3O<br \/> 9 DE NOVEMBRO<\/strong><\/p>\n<p>9h\u00a0\u00a0\u00a0\u00a0\u00a0\u00a0 &#8211; Credenciamento<\/p>\n<p>9h30\u00a0\u00a0 &#8211; Abertura<\/p>\n<p>10h30 &#8211; AN\u00c1LISE DE CONJUNTURA HIST\u00d3RICA DAS RELA\u00c7\u00d5ES DE TRABALHO E RACIAIS NO BRASIL<br \/> \u2013 \u201cO resgate do trabalho escravo, desde o sequestro dos irm\u00e3os negros na \u00c1frica at\u00e9 o fim do s\u00e9culo XIX\u201d<br \/> \u2013 \u201cDificuldades e discrimina\u00e7\u00f5es que geram aus\u00eancia do negro no mercado de trabalho\u201d<\/p>\n<p>13h\u00a0\u00a0\u00a0\u00a0 &#8211; Almo\u00e7o<\/p>\n<p>14h\u00a0\u00a0\u00a0\u00a0 &#8211; PARTICIPA\u00c7\u00c3O DOS NEGROS NO MERCADO DE TRABALHO E POL\u00cdTICAS DE COMBATE AO RACISMO<br \/> \u2013 \u201cAn\u00e1lise dos dados do Censo da Diversidade-Fenaban 2014 e da Rela\u00e7\u00e3o Anual de Informa\u00e7\u00f5es Sociais (RAIS) 2016\u201d<br \/> \u2013 \u201cRacismo, discrimina\u00e7\u00e3o na vida do trabalhador e a campanha Basta de Discrimina\u00e7\u00e3o no Trabalho e na Vida\u201d<\/p>\n<p>15h15 &#8211; Intervalo para caf\u00e9<\/p>\n<p>15h30 &#8211; CONQUISTAS HIST\u00d3RICAS, POL\u00cdTICAS DE COTAS COMO INCLUS\u00c3O SOCIAL E RETROCESSOS NO GOVERNO GOLPISTA<br \/> \u2013 \u201cA\u00e7\u00f5es que institucionalizam o racismo e a postura do STF\u201d<br \/> \u2013 \u201cReforma trabalhista e seus impactos na vida da popula\u00e7\u00e3o negra\u201d<br \/> \u201cOs avan\u00e7os das pol\u00edticas afirmativas do governo Lula e o retrocesso dessas conquistas no governo golpista\u201d<\/p>\n<p><strong>10 DE NOVEMBRO<\/strong><\/p>\n<p>9h\u00a0\u00a0\u00a0\u00a0\u00a0\u00a0 &#8211; Combate \u00e0 discrimina\u00e7\u00e3o racial: A categoria banc\u00e1ria e sua experi\u00eancia<\/p>\n<p>10h30 &#8211; Avalia\u00e7\u00e3o das cl\u00e1usulas de Combate ao Racismo<\/p>\n<p>12h\u00a0\u00a0\u00a0\u00a0 &#8211; Desafios e compromissos das entidades envolvidas<\/p>\n<p>12h30 &#8211; Encerramento<\/p>\n<\/div>\n<p id=\"page-author\"><em><strong>Fonte: Contraf-CUT<\/strong><\/em><\/p>\n","protected":false},"excerpt":{"rendered":"<p>\u201cPor mais contrata\u00e7\u00f5es de negros e negras nos bancos\u201d a Confedera\u00e7\u00e3o Nacional dos Trabalhadores do Ramo Financeiro (Contraf-CUT), com o apoio da Federa\u00e7\u00e3o dos Trabalhadores do Ramo Financeiro do Nordeste (Fetrafi\/NE) e do Sindicato os Banc\u00e1rios de Pernambuco (Seec\/PE) realizar\u00e1 nos dias 8 a 10 de novembro, em Recife (PE) o IV F\u00f3rum Nacional Pela [&hellip;]<\/p>\n","protected":false},"author":2,"featured_media":3288,"comment_status":"","ping_status":"","sticky":false,"template":"","format":"standard","meta":{"footnotes":""},"categories":[3],"tags":[],"class_list":["post-3289","post","type-post","status-publish","format-standard","has-post-thumbnail","hentry","category-noticias"],"_links":{"self":[{"href":"https:\/\/hostnetart.com.br\/baixada\/wp-json\/wp\/v2\/posts\/3289","targetHints":{"allow":["GET"]}}],"collection":[{"href":"https:\/\/hostnetart.com.br\/baixada\/wp-json\/wp\/v2\/posts"}],"about":[{"href":"https:\/\/hostnetart.com.br\/baixada\/wp-json\/wp\/v2\/types\/post"}],"author":[{"embeddable":true,"href":"https:\/\/hostnetart.com.br\/baixada\/wp-json\/wp\/v2\/users\/2"}],"replies":[{"embeddable":true,"href":"https:\/\/hostnetart.com.br\/baixada\/wp-json\/wp\/v2\/comments?post=3289"}],"version-history":[{"count":0,"href":"https:\/\/hostnetart.com.br\/baixada\/wp-json\/wp\/v2\/posts\/3289\/revisions"}],"wp:featuredmedia":[{"embeddable":true,"href":"https:\/\/hostnetart.com.br\/baixada\/wp-json\/wp\/v2\/media\/3288"}],"wp:attachment":[{"href":"https:\/\/hostnetart.com.br\/baixada\/wp-json\/wp\/v2\/media?parent=3289"}],"wp:term":[{"taxonomy":"category","embeddable":true,"href":"https:\/\/hostnetart.com.br\/baixada\/wp-json\/wp\/v2\/categories?post=3289"},{"taxonomy":"post_tag","embeddable":true,"href":"https:\/\/hostnetart.com.br\/baixada\/wp-json\/wp\/v2\/tags?post=3289"}],"curies":[{"name":"wp","href":"https:\/\/api.w.org\/{rel}","templated":true}]}}