{"id":3287,"date":"2017-10-31T10:43:32","date_gmt":"2017-10-31T12:43:32","guid":{"rendered":"https:\/\/hostnetart.com.br\/baixada\/contraf-cut-e-sindicatos-retomam-negociacao-com-o-bnb\/"},"modified":"2017-10-31T10:43:32","modified_gmt":"2017-10-31T12:43:32","slug":"contraf-cut-e-sindicatos-retomam-negociacao-com-o-bnb","status":"publish","type":"post","link":"https:\/\/hostnetart.com.br\/baixada\/contraf-cut-e-sindicatos-retomam-negociacao-com-o-bnb\/","title":{"rendered":"Contraf-CUT e sindicatos retomam negocia\u00e7\u00e3o com o BNB"},"content":{"rendered":"<div class=\"content\">\n<p>Na quarta-feira (1\u00ba\/11) ocorrer\u00e1 mais uma mesa de negocia\u00e7\u00e3o entre a Confedera\u00e7\u00e3o Nacional dos Trabalhadores no Ramo Financeiro (Contraf-CUT) e a diretoria administrativa do Banco do Nordeste do Brasil S.A. (BNB). A reuni\u00e3o tem como principal objetivo buscar o fechamento do Acordo de Ponto Eletr\u00f4nico para o per\u00edodo 2017\/2018, uma vez que a vig\u00eancia do atual contrato expira em 29 de novembro deste ano.<\/p>\n<p>Com o objetivo de analisar as sugest\u00f5es encaminhadas aos sindicatos pelo funcionalismo sobre o assunto, o grupo de trabalho do Ponto Eletr\u00f4nico, formado por representantes dos trabalhadores e do banco, esteve reunido dia 26 de outubro e construiu alguns consensos visando a melhoria e ajustes no controle da jornada e operacionaliza\u00e7\u00e3o do sistema.<\/p>\n<p>\u201cCom a nova lei trabalhista passando a vigorar a partir de 11 de novembro pr\u00f3ximo, \u00e9 poss\u00edvel que algumas demandas do funcion\u00e1rio at\u00e9 ent\u00e3o obstadas por lei possam vir a ser atendidas, mas mesmo assim com ressalvas \u00e0 sa\u00fade e aos direitos dos trabalhadores\u201d, explicou Tomaz de Aquino, Coordenador da Comiss\u00e3o Nacional dos Funcion\u00e1rios do BNB (CNFBNB) e diretor do Seeb\/CE.<a name=\"_GoBack\"><\/a><\/p>\n<p><strong>Defesa do BNB<\/strong><br \/> A defesa do Banco do Nordeste do Brasil enquanto banco de desenvolvimento indispens\u00e1vel \u00e0 economia regional tamb\u00e9m estar\u00e1 em pauta na mesa de negocia\u00e7\u00e3o. Esse tema remete a diversos outros que est\u00e3o anunciados ou em curso no BNB.<\/p>\n<p>A redu\u00e7\u00e3o do emprego pela diminui\u00e7\u00e3o da dota\u00e7\u00e3o autorizada de funcion\u00e1rios e o fechamento de unidades operadoras com a extin\u00e7\u00e3o de fun\u00e7\u00f5es comissionadas, poss\u00edveis transfer\u00eancias e at\u00e9 demiss\u00f5es preocupam os sindicatos dos banc\u00e1rios que comp\u00f5em a Comiss\u00e3o Nacional dos Funcion\u00e1rios do BNB.<\/p>\n<p>\u201cNa reuni\u00e3o cobraremos da dire\u00e7\u00e3o do banco posicionamentos mais claros sobre o novo modelo de ag\u00eancias e suas repercuss\u00f5es na vida funcional e nas a\u00e7\u00f5es institucionais de responsabilidade do BNB\u201d, afirmou Tomaz de Aquino.<\/p>\n<\/div>\n<p id=\"page-author\"><strong>Fonte: Contraf-CUT<\/strong><\/p>\n","protected":false},"excerpt":{"rendered":"<p>Na quarta-feira (1\u00ba\/11) ocorrer\u00e1 mais uma mesa de negocia\u00e7\u00e3o entre a Confedera\u00e7\u00e3o Nacional dos Trabalhadores no Ramo Financeiro (Contraf-CUT) e a diretoria administrativa do Banco do Nordeste do Brasil S.A. (BNB). A reuni\u00e3o tem como principal objetivo buscar o fechamento do Acordo de Ponto Eletr\u00f4nico para o per\u00edodo 2017\/2018, uma vez que a vig\u00eancia do [&hellip;]<\/p>\n","protected":false},"author":2,"featured_media":3286,"comment_status":"","ping_status":"","sticky":false,"template":"","format":"standard","meta":{"footnotes":""},"categories":[3],"tags":[],"class_list":["post-3287","post","type-post","status-publish","format-standard","has-post-thumbnail","hentry","category-noticias"],"_links":{"self":[{"href":"https:\/\/hostnetart.com.br\/baixada\/wp-json\/wp\/v2\/posts\/3287","targetHints":{"allow":["GET"]}}],"collection":[{"href":"https:\/\/hostnetart.com.br\/baixada\/wp-json\/wp\/v2\/posts"}],"about":[{"href":"https:\/\/hostnetart.com.br\/baixada\/wp-json\/wp\/v2\/types\/post"}],"author":[{"embeddable":true,"href":"https:\/\/hostnetart.com.br\/baixada\/wp-json\/wp\/v2\/users\/2"}],"replies":[{"embeddable":true,"href":"https:\/\/hostnetart.com.br\/baixada\/wp-json\/wp\/v2\/comments?post=3287"}],"version-history":[{"count":0,"href":"https:\/\/hostnetart.com.br\/baixada\/wp-json\/wp\/v2\/posts\/3287\/revisions"}],"wp:featuredmedia":[{"embeddable":true,"href":"https:\/\/hostnetart.com.br\/baixada\/wp-json\/wp\/v2\/media\/3286"}],"wp:attachment":[{"href":"https:\/\/hostnetart.com.br\/baixada\/wp-json\/wp\/v2\/media?parent=3287"}],"wp:term":[{"taxonomy":"category","embeddable":true,"href":"https:\/\/hostnetart.com.br\/baixada\/wp-json\/wp\/v2\/categories?post=3287"},{"taxonomy":"post_tag","embeddable":true,"href":"https:\/\/hostnetart.com.br\/baixada\/wp-json\/wp\/v2\/tags?post=3287"}],"curies":[{"name":"wp","href":"https:\/\/api.w.org\/{rel}","templated":true}]}}